{"id":345945,"date":"2016-01-02T20:57:43","date_gmt":"2016-01-03T02:57:43","guid":{"rendered":"http:\/\/futboltotal.com.mx\/?p=345945"},"modified":"2016-01-02T20:57:43","modified_gmt":"2016-01-03T02:57:43","slug":"isco-se-alista-para-enrolarse-con-el-manchester-city","status":"publish","type":"post","link":"http:\/\/desarrollo.grupomedios.com\/futbol\/futbol-internacional\/isco-se-alista-para-enrolarse-con-el-manchester-city\/2016\/01","title":{"rendered":"Isco se alista para enrolarse con el Manchester City"},"content":{"rendered":"<p>La complicada situaci\u00f3n que vive <strong>Isco Alarc\u00f3n<\/strong> con el Real Madrid <strong><span style=\"color: #3366ff;\"><a style=\"color: #3366ff;\" href=\"http:\/\/futboltotal.com.mx\/2016\/01\/isco-en-camino-a-mudarse-al-manchester-city\/\">provocar\u00eda un cambio de piel<\/a><\/span><\/strong>. Su poca presencia en el once tipo de Rafa Ben\u00edtez ha generado malestar en el jugador quien ver\u00eda con buenos ojos hacer las maletas y para enrolarse en la Premier League, espec\u00edficamente con el equipo que m\u00e1s desea su talento: Manchester City.<\/p>\n<p>Hace unos d\u00edas, el director ejecutivo del Manchester City, Ferran Soriano, se habr\u00eda desplazado hasta Madrid para reunirse con Jos\u00e9 \u00c1ngel S\u00e1nchez, director general del Real Madrid. En este sentido, el martes de la pr\u00f3xima semana ser\u00e1 el representante del jugador el que se re\u00fana con el club blanco para hablar de una posible salida del centrocampista, quien ha hecho saber a su entorno m\u00e1s cercano que no se siente c\u00f3modo en el conjunto de Rafa Ben\u00edtez.<\/p>\n<p>Seg\u00fan publica el diario <em>Mirror<\/em>, la idea del club brit\u00e1nico es cerrar una cesi\u00f3n del jugador en enero y materializar el traspaso en verano. De este modo, <strong>Isc<\/strong>o podr\u00eda tener minutos de forma inmediata, una realidad que el malague\u00f1o reclama de cara a tener opciones para ir convocado a la Eurocopa del pr\u00f3ximo verano. La oferta del City, seg\u00fan las mismas fuentes, rondar\u00eda los 34 millones de euros.<\/p>\n<p style=\"text-align: center;\"><strong><span style=\"color: #3366ff;\"><a style=\"color: #3366ff;\" href=\"http:\/\/futboltotal.com.mx\/2016\/01\/isco-en-camino-a-mudarse-al-manchester-city\/\">LEER M\u00c1S: Isco, en camino a mudarse al Manchester City. <\/a><\/span><\/strong><\/p>\n","protected":false},"excerpt":{"rendered":"<p>El traspaso podr\u00eda cerrarse la pr\u00f3xima semana <\/p>\n","protected":false},"author":20,"featured_media":345946,"comment_status":"closed","ping_status":"closed","sticky":false,"template":"","format":"standard","meta":[],"categories":[3839,3846,5951],"tags":[6071,5993,334,5988],"_links":{"self":[{"href":"http:\/\/desarrollo.grupomedios.com\/futbol\/wp-json\/wp\/v2\/posts\/345945"}],"collection":[{"href":"http:\/\/desarrollo.grupomedios.com\/futbol\/wp-json\/wp\/v2\/posts"}],"about":[{"href":"http:\/\/desarrollo.grupomedios.com\/futbol\/wp-json\/wp\/v2\/types\/post"}],"author":[{"embeddable":true,"href":"http:\/\/desarrollo.grupomedios.com\/futbol\/wp-json\/wp\/v2\/users\/20"}],"replies":[{"embeddable":true,"href":"http:\/\/desarrollo.grupomedios.com\/futbol\/wp-json\/wp\/v2\/comments?post=345945"}],"version-history":[{"count":0,"href":"http:\/\/desarrollo.grupomedios.com\/futbol\/wp-json\/wp\/v2\/posts\/345945\/revisions"}],"wp:featuredmedia":[{"embeddable":true,"href":"http:\/\/desarrollo.grupomedios.com\/futbol\/wp-json\/wp\/v2\/media\/345946"}],"wp:attachment":[{"href":"http:\/\/desarrollo.grupomedios.com\/futbol\/wp-json\/wp\/v2\/media?parent=345945"}],"wp:term":[{"taxonomy":"category","embeddable":true,"href":"http:\/\/desarrollo.grupomedios.com\/futbol\/wp-json\/wp\/v2\/categories?post=345945"},{"taxonomy":"post_tag","embeddable":true,"href":"http:\/\/desarrollo.grupomedios.com\/futbol\/wp-json\/wp\/v2\/tags?post=345945"}],"curies":[{"name":"wp","href":"https:\/\/api.w.org\/{rel}","templated":true}]}}