{"id":345948,"date":"2016-01-03T10:38:06","date_gmt":"2016-01-03T16:38:06","guid":{"rendered":"http:\/\/futboltotal.com.mx\/?p=345948"},"modified":"2016-01-03T12:27:18","modified_gmt":"2016-01-03T18:27:18","slug":"marco-fabian-presentado-con-eintracht-frankfurt","status":"publish","type":"post","link":"http:\/\/desarrollo.grupomedios.com\/futbol\/destacado-home\/marco-fabian-presentado-con-eintracht-frankfurt\/2016\/01","title":{"rendered":"Marco Fabi\u00e1n, presentado con Eintracht Frankfurt"},"content":{"rendered":"<p>Las palabras de <strong>Marco Fabi\u00e1n<\/strong> tuvieron tono de consigna: &#8220;Estoy listo para jugar, ayudar al club y evitar el descenso&#8221;. As\u00ed fue como el mexicano abri\u00f3 plaza en su presentaci\u00f3n como nuevo jugador del <strong>Eintracht Frankfurt<\/strong>, club al que llega como parte de uno de los tres\u00a0refuerzos del mercado invernal en la que lo acompa\u00f1an Kaan Ayhan y Szabolcs Huszti.<\/p>\n<p>El mexicano estaba visiblemente entusiasta y en la sala de prensa del Commerzbank Arena revel\u00f3 que recibi\u00f3 varias ofertas de otros clubes. Al final se decant\u00f3 por el conjunto alem\u00e1n, sobre todo despu\u00e9s de haber tenido una charla con su connacional Javier Chicharito Hern\u00e1ndez, goleador del Bayer Leverkusen.<\/p>\n<p style=\"text-align: center;\"><span style=\"color: #3366ff;\"><strong><a style=\"color: #3366ff;\" href=\"http:\/\/futboltotal.com.mx\/2015\/12\/marco-fabian-septimo-mexicano-en-la-bundesliga\/\">LEER M\u00c1S: Marco Fabi\u00e1n, s\u00e9ptimo mexicano en la Bundesliga<\/a><\/strong><\/span><\/p>\n<blockquote class=\"twitter-tweet\" lang=\"es\">\n<p dir=\"ltr\" lang=\"hu\">Nur die <a href=\"https:\/\/twitter.com\/hashtag\/SGE?src=hash\">#SGE<\/a> <a href=\"https:\/\/twitter.com\/MarcoFabian_10\">@MarcoFabian_10<\/a>, Kaan Ayhan, Szabolcs Huszti <a href=\"https:\/\/t.co\/L8n23MOXUk\">pic.twitter.com\/L8n23MOXUk<\/a><\/p>\n<p>\u2014 Eintracht Frankfurt (@Eintracht_News) <a href=\"https:\/\/twitter.com\/Eintracht_News\/status\/683616491338641409\">enero 3, 2016<\/a><\/p><\/blockquote>\n<p><script src=\"\/\/platform.twitter.com\/widgets.js\" async=\"\" charset=\"utf-8\"><\/script><\/p>\n<p>&#8220;Habl\u00e9 con Chicharito durante las \u00faltimas semanas y me habl\u00f3 muy bien de la Bundesliga. En ocasiones pasadas hubo opciones para cambiar de equipo y desafortunadamente no se dio ning\u00fan acuerdo. Ahora se dio la oportunidad con el Frankfurt y estoy realmente feliz de estar aqu\u00ed. Fue el mejor regalo de Navidad&#8221;, explic\u00f3 el centrocampista de 26 a\u00f1os.<\/p>\n<p>Marco Fabi\u00e1n espera que su incursi\u00f3n en el futbol alem\u00e1n sea un paso decisivo en su carrera. Afirm\u00f3 que &#8221; es un futbolista m\u00e1s maduro y disciplinado&#8221; que aquel que milit\u00f3 Guadalajara y Cruz Azul en la Liga MX.<\/p>\n<p>Tiene claro que portar\u00e1 la camiseta n\u00famero 10, m\u00e1s que un reto may\u00fasculo, un catalizador para convertirse en una pieza clave del equipo y uno de los jugadores preferidos de la afici\u00f3n.<\/p>\n<p>&#8220;Voy a dar lo mejor en cada posici\u00f3n que juegue. Quiero impresionar a los seguidores del Eintracht y eso me motiva a conseguir una pronta adaptaci\u00f3n y ser lo m\u00e1s creativo que pueda. Ya he visto partidos del equipo y me impresion\u00f3 lo unido que est\u00e1, como cuando jug\u00f3 en el \u00faltimo partido ante el Brehemen&#8221;, acot\u00f3 Fabi\u00e1n.<\/p>\n<p style=\"text-align: center;\"><span style=\"color: #3366ff;\"><strong><a style=\"color: #3366ff;\" href=\"http:\/\/futboltotal.com.mx\/2015\/12\/marco-fabian-portara-la-camiseta-10\/\" target=\"_blank\">LEER M\u00c1S: Presentan a Marco Fabi\u00e1n como refuerzo<\/a><\/strong><\/span><\/p>\n<p>&nbsp;<\/p>\n","protected":false},"excerpt":{"rendered":"<p>El mexicano anhela salvar el descenso a su equipo y trascender en la Bundesliga<\/p>\n","protected":false},"author":20,"featured_media":345950,"comment_status":"closed","ping_status":"closed","sticky":false,"template":"","format":"standard","meta":[],"categories":[5,3839],"tags":[3588,131],"_links":{"self":[{"href":"http:\/\/desarrollo.grupomedios.com\/futbol\/wp-json\/wp\/v2\/posts\/345948"}],"collection":[{"href":"http:\/\/desarrollo.grupomedios.com\/futbol\/wp-json\/wp\/v2\/posts"}],"about":[{"href":"http:\/\/desarrollo.grupomedios.com\/futbol\/wp-json\/wp\/v2\/types\/post"}],"author":[{"embeddable":true,"href":"http:\/\/desarrollo.grupomedios.com\/futbol\/wp-json\/wp\/v2\/users\/20"}],"replies":[{"embeddable":true,"href":"http:\/\/desarrollo.grupomedios.com\/futbol\/wp-json\/wp\/v2\/comments?post=345948"}],"version-history":[{"count":0,"href":"http:\/\/desarrollo.grupomedios.com\/futbol\/wp-json\/wp\/v2\/posts\/345948\/revisions"}],"wp:featuredmedia":[{"embeddable":true,"href":"http:\/\/desarrollo.grupomedios.com\/futbol\/wp-json\/wp\/v2\/media\/345950"}],"wp:attachment":[{"href":"http:\/\/desarrollo.grupomedios.com\/futbol\/wp-json\/wp\/v2\/media?parent=345948"}],"wp:term":[{"taxonomy":"category","embeddable":true,"href":"http:\/\/desarrollo.grupomedios.com\/futbol\/wp-json\/wp\/v2\/categories?post=345948"},{"taxonomy":"post_tag","embeddable":true,"href":"http:\/\/desarrollo.grupomedios.com\/futbol\/wp-json\/wp\/v2\/tags?post=345948"}],"curies":[{"name":"wp","href":"https:\/\/api.w.org\/{rel}","templated":true}]}}