{"id":345949,"date":"2016-01-03T07:00:12","date_gmt":"2016-01-03T13:00:12","guid":{"rendered":"http:\/\/futboltotal.com.mx\/?p=345949"},"modified":"2016-01-03T10:38:12","modified_gmt":"2016-01-03T16:38:12","slug":"los-delanteros-que-anhela-van-gaal-para-el-manchester-united","status":"publish","type":"post","link":"http:\/\/desarrollo.grupomedios.com\/futbol\/destacado-home\/los-delanteros-que-anhela-van-gaal-para-el-manchester-united\/2016\/01","title":{"rendered":"Los delanteros que anhela Van Gaal para el United"},"content":{"rendered":"<p><span style=\"color: #000000;\">El <\/span><strong><span style=\"color: #000000;\">Manchester United<\/span> <span style=\"color: #3366ff;\"><a style=\"color: #3366ff;\" href=\"http:\/\/futboltotal.com.mx\/2016\/01\/triunfo-de-manchester-united-salva-cabeza-de-van-gaal\/\">quebr\u00f3 su racha de ocho partidos sin conseguir victoria<\/a> <\/span><\/strong><span style=\"color: #000000;\">en cualquier competencia con un festejo\u00a0apretado ante el Swansea, gracias a un <span style=\"color: #3366ff;\"><strong><a style=\"color: #3366ff;\" href=\"http:\/\/futboltotal.com.mx\/2016\/01\/asombroso-gol-de-wayne-rooney-para-iniciar-el-2016\/\">fant\u00e1stico taconazo de Wayne Rooney<\/a>.<\/strong><\/span>\u00a0Pero eso no soluciona la crisis para los <em>Red Devils<\/em>, que con el mercado de transferencias por abrirse oficialmente el lunes en Inglaterra, buscar\u00e1 dos piezas para fortalecer su ofensiva.\u00a0<\/span><\/p>\n<p><span style=\"color: #000000;\">El s\u00e1bado fue noticia las declaraciones de Van Gaal vertidas sobre <span style=\"color: #3366ff;\"><strong><a style=\"color: #3366ff;\" href=\"http:\/\/futboltotal.com.mx\/2016\/01\/van-gaal-admite-que-no-debio-correr-al-chicharito\/\">el por qu\u00e9 no cont\u00f3 con Chicharito<\/a><\/strong><\/span> para la actual campa\u00f1a, ante los cuestionamientos el estratega holand\u00e9s dio a conocer que \u00a0&#8220;no cree demasiado en la competencia&#8221; y agreg\u00f3: &#8220;Creo en la confianza que tengo a algunos, tal vez est\u00e9 mal, pero lo he hecho toda mi vida como entrenador. Les doy la confianza a los jugadores&#8221;.\u00a0<\/span><\/p>\n<p><span style=\"color: #000000;\">Esas declaraciones constrastan mucho con los reportes de los principales diarios ingleses, que insisten en los dos refuerzos que podr\u00edan incorporarse en invierno a la disciplina del club. Uno de ellos es Sadio\u00a0Mane, senegal\u00e9s por el que Southampton pone un precio de 27 millones de euros pese a que cuenta con solo tres goles en la presente Premier League. Cierto es que su posici\u00f3n es m\u00e1s de un extremo cl\u00e1sico y pelear\u00eda un puesto con Depay, quien poco a poco se ha ido difuminando en Old Trafford.\u00a0<\/span><\/p>\n<p style=\"text-align: center;\"><a href=\"http:\/\/futboltotal.com.mx\/wp-content\/uploads\/2016\/01\/Sadio-Mane-.jpg\"><img decoding=\"async\" loading=\"lazy\" class=\"alignnone size-full wp-image-345959\" src=\"http:\/\/futboltotal.com.mx\/wp-content\/uploads\/2016\/01\/Sadio-Mane-.jpg\" alt=\"Sadio Mane\" srcset=\"http:\/\/desarrollo.grupomedios.com\/futbol\/wp-content\/uploads\/2016\/01\/Sadio-Mane-.jpg 820w, http:\/\/desarrollo.grupomedios.com\/futbol\/wp-content\/uploads\/2016\/01\/Sadio-Mane--300x128.jpg 300w\" sizes=\"(max-width: 820px) 100vw, 820px\" \/><\/a><\/p>\n<p><span style=\"color: #000000;\">Adem\u00e1s, el Manchester United insistir\u00eda en el fichaje de un joven de 19 a\u00f1os de nombre Moussa Dembele, que de momento deslumbra en la segunda categor\u00eda con 9 goles en 23 partidos y un futuro m\u00e1s que prometedor.\u00a0<\/span><\/p>\n<p><a href=\"http:\/\/futboltotal.com.mx\/wp-content\/uploads\/2016\/01\/Moussa-Dembele-.jpg\"><img decoding=\"async\" loading=\"lazy\" class=\"size-full wp-image-345960 aligncenter\" src=\"http:\/\/futboltotal.com.mx\/wp-content\/uploads\/2016\/01\/Moussa-Dembele-.jpg\" alt=\"Moussa Dembele\" srcset=\"http:\/\/desarrollo.grupomedios.com\/futbol\/wp-content\/uploads\/2016\/01\/Moussa-Dembele-.jpg 820w, http:\/\/desarrollo.grupomedios.com\/futbol\/wp-content\/uploads\/2016\/01\/Moussa-Dembele--300x146.jpg 300w\" sizes=\"(max-width: 820px) 100vw, 820px\" \/><\/a><\/p>\n<p style=\"text-align: center;\"><strong><span style=\"color: #3366ff;\"><a style=\"color: #3366ff;\" href=\"http:\/\/futboltotal.com.mx\/2016\/01\/van-gaal-admite-que-no-debio-correr-al-chicharito\/\">LEER M\u00c1S: Van Gaal admite que no debi\u00f3 correr a Chicharito<\/a>.\u00a0<\/span><\/strong><\/p>\n","protected":false},"excerpt":{"rendered":"<p>Insisti\u00f3 que no buscaba competencia pero sus frases ahora no se entienden <\/p>\n","protected":false},"author":20,"featured_media":345961,"comment_status":"closed","ping_status":"closed","sticky":false,"template":"","format":"standard","meta":[],"categories":[5,3839,3846],"tags":[43,5198],"_links":{"self":[{"href":"http:\/\/desarrollo.grupomedios.com\/futbol\/wp-json\/wp\/v2\/posts\/345949"}],"collection":[{"href":"http:\/\/desarrollo.grupomedios.com\/futbol\/wp-json\/wp\/v2\/posts"}],"about":[{"href":"http:\/\/desarrollo.grupomedios.com\/futbol\/wp-json\/wp\/v2\/types\/post"}],"author":[{"embeddable":true,"href":"http:\/\/desarrollo.grupomedios.com\/futbol\/wp-json\/wp\/v2\/users\/20"}],"replies":[{"embeddable":true,"href":"http:\/\/desarrollo.grupomedios.com\/futbol\/wp-json\/wp\/v2\/comments?post=345949"}],"version-history":[{"count":0,"href":"http:\/\/desarrollo.grupomedios.com\/futbol\/wp-json\/wp\/v2\/posts\/345949\/revisions"}],"wp:featuredmedia":[{"embeddable":true,"href":"http:\/\/desarrollo.grupomedios.com\/futbol\/wp-json\/wp\/v2\/media\/345961"}],"wp:attachment":[{"href":"http:\/\/desarrollo.grupomedios.com\/futbol\/wp-json\/wp\/v2\/media?parent=345949"}],"wp:term":[{"taxonomy":"category","embeddable":true,"href":"http:\/\/desarrollo.grupomedios.com\/futbol\/wp-json\/wp\/v2\/categories?post=345949"},{"taxonomy":"post_tag","embeddable":true,"href":"http:\/\/desarrollo.grupomedios.com\/futbol\/wp-json\/wp\/v2\/tags?post=345949"}],"curies":[{"name":"wp","href":"https:\/\/api.w.org\/{rel}","templated":true}]}}