{"id":346008,"date":"2016-01-03T12:30:34","date_gmt":"2016-01-03T18:30:34","guid":{"rendered":"http:\/\/futboltotal.com.mx\/?p=346008"},"modified":"2016-01-03T12:30:34","modified_gmt":"2016-01-03T18:30:34","slug":"julen-lopetegui-acusa-complot-a-su-persona","status":"publish","type":"post","link":"http:\/\/desarrollo.grupomedios.com\/futbol\/futbol-internacional\/julen-lopetegui-acusa-complot-a-su-persona\/2016\/01","title":{"rendered":"Julen Lopetegui acusa complot a su persona"},"content":{"rendered":"<p>Se acumulan los problemas para <strong>Julen Lopetegui<\/strong> en su periplo en el <strong>Porto<\/strong>. El estratega espa\u00f1ol no fue bien recibida hace a\u00f1o y medio por los aficionados y con el paso del tiempo, sigue sin ser aceptada. Sin t\u00edtulos durante su mandato, esta temporada ya <strong><span style=\"color: #3366ff;\"><a style=\"color: #3366ff;\" href=\"http:\/\/futboltotal.com.mx\/2015\/12\/amargo-recibimiento-para-los-mexicanos-en-oporto\/\">acumul\u00f3 un tropiezo<\/a><\/span><\/strong> con la eliminaci\u00f3n sorpresiva de su plantilla en la fase de grupos de Champions League y el s\u00e1bado <strong><span style=\"color: #3366ff;\"><a style=\"color: #3366ff;\" href=\"http:\/\/futboltotal.com.mx\/2016\/01\/porto-pierde-invicto-y-liderato-ante-sporting-lisboa\/\">perdi\u00f3 invicto y liderato<\/a><\/span><\/strong>, situaci\u00f3n que revolvi\u00f3 las aguas muy pronto en este 2016.<\/p>\n<p>&#8220;S\u00e9 que algunos de ustedes me quieren despellejar, cortar en trozos o en tiras y alimentar mentiras, pero el Porto no est\u00e1 tan mal. Est\u00e1 a dos puntos del liderato (&#8230;) Tenemos dos puntos m\u00e1s que la temporada pasada (36)&#8221;, expuso\u00a0<strong>Julen\u00a0Lopetegui<\/strong> tras el duelo ante el Sporting Lisboa.<\/p>\n<p>De acuerdo al estratega del Porto, los medios de comunciaci\u00f3n son\u00a0diferentes cuando se trata de hablar de los clubes de la capital (Benfica y Sporting) y el Porto, el club que m\u00e1s ha ganado en Portugal las \u00faltimas tres d\u00e9cadas.\u00a0&#8220;Los caminos no son f\u00e1ciles y no tenemos ninguna ayuda. Ninguna. Los medios de comunicaci\u00f3n son negativos conmigo y con el club, pero es algo que no podemos controlar&#8221;, lament\u00f3.<\/p>\n<p>&nbsp;<\/p>\n<p>No todo son detractores, Jorge Jes\u00fas, campe\u00f3n de liga con Benfica la pasada campa\u00f1a y entrenador del l\u00edder, Sporting de Lisboa, defendi\u00f3 a su rival.\u00a0&#8220;Lopetegui es un entrenador de calidad. Y lo digo con toda la sinceridad. Es un l\u00edder. Est\u00e1 haciendo un buen campeonato.<\/p>\n<p style=\"text-align: center;\"><strong><span style=\"color: #3366ff;\"><a style=\"color: #3366ff;\" href=\"http:\/\/futboltotal.com.mx\/2016\/01\/porto-pierde-invicto-y-liderato-ante-sporting-lisboa\/\">LEER M\u00c1S: Slimani se rob\u00f3 la noche ante el Porto de los mexicanos.\u00a0<\/a><\/span><\/strong><\/p>\n","protected":false},"excerpt":{"rendered":"<p>El t\u00e9cnico del Porto cree que su rendimiento es juzgado de una manera m\u00e1s que severa <\/p>\n","protected":false},"author":20,"featured_media":346009,"comment_status":"closed","ping_status":"closed","sticky":false,"template":"","format":"standard","meta":[],"categories":[3839,5951],"tags":[6407,1208],"_links":{"self":[{"href":"http:\/\/desarrollo.grupomedios.com\/futbol\/wp-json\/wp\/v2\/posts\/346008"}],"collection":[{"href":"http:\/\/desarrollo.grupomedios.com\/futbol\/wp-json\/wp\/v2\/posts"}],"about":[{"href":"http:\/\/desarrollo.grupomedios.com\/futbol\/wp-json\/wp\/v2\/types\/post"}],"author":[{"embeddable":true,"href":"http:\/\/desarrollo.grupomedios.com\/futbol\/wp-json\/wp\/v2\/users\/20"}],"replies":[{"embeddable":true,"href":"http:\/\/desarrollo.grupomedios.com\/futbol\/wp-json\/wp\/v2\/comments?post=346008"}],"version-history":[{"count":0,"href":"http:\/\/desarrollo.grupomedios.com\/futbol\/wp-json\/wp\/v2\/posts\/346008\/revisions"}],"wp:featuredmedia":[{"embeddable":true,"href":"http:\/\/desarrollo.grupomedios.com\/futbol\/wp-json\/wp\/v2\/media\/346009"}],"wp:attachment":[{"href":"http:\/\/desarrollo.grupomedios.com\/futbol\/wp-json\/wp\/v2\/media?parent=346008"}],"wp:term":[{"taxonomy":"category","embeddable":true,"href":"http:\/\/desarrollo.grupomedios.com\/futbol\/wp-json\/wp\/v2\/categories?post=346008"},{"taxonomy":"post_tag","embeddable":true,"href":"http:\/\/desarrollo.grupomedios.com\/futbol\/wp-json\/wp\/v2\/tags?post=346008"}],"curies":[{"name":"wp","href":"https:\/\/api.w.org\/{rel}","templated":true}]}}