{"id":346020,"date":"2016-01-03T13:03:22","date_gmt":"2016-01-03T19:03:22","guid":{"rendered":"http:\/\/futboltotal.com.mx\/?p=346020"},"modified":"2016-01-03T13:10:12","modified_gmt":"2016-01-03T19:10:12","slug":"bundesliga-visualiza-a-marco-fabian-con-exito-similar-a-chicharito","status":"publish","type":"post","link":"http:\/\/desarrollo.grupomedios.com\/futbol\/destacado-home\/bundesliga-visualiza-a-marco-fabian-con-exito-similar-a-chicharito\/2016\/01","title":{"rendered":"Bundesliga ve en Marco Fabi\u00e1n un nuevo Chicharito"},"content":{"rendered":"<p>El fichaje de Marco Fabi\u00e1n con el Eintracht Frankfurt ha causado un revuelo may\u00fasculo para la <strong>Bundesliga<\/strong>. La llegada del mediocampista mexicano fue destacada en todos los medios, en especial en la web oficial del certamen, donde inclusive presagian un \u00e9xito similar al de su connacional, Javier Chicharito Hern\u00e1ndez.<\/p>\n<blockquote class=\"twitter-tweet\" lang=\"es\">\n<p dir=\"ltr\" lang=\"en\">.<a href=\"https:\/\/twitter.com\/MarcoFabian_10\">@MarcoFabian_10<\/a> wants to follow <a href=\"https:\/\/twitter.com\/CH14_\">@CH14_<\/a> path to Bundesliga success: <a href=\"https:\/\/t.co\/2yHxaqbXeO\">https:\/\/t.co\/2yHxaqbXeO<\/a> <a href=\"https:\/\/t.co\/Vns0QRwlTT\">pic.twitter.com\/Vns0QRwlTT<\/a><\/p>\n<p>\u2014 Bundesliga (@Bundesliga_EN) <a href=\"https:\/\/twitter.com\/Bundesliga_EN\/status\/683641507190947845\">enero 3, 2016<\/a><\/p><\/blockquote>\n<p><script src=\"\/\/platform.twitter.com\/widgets.js\" async=\"\" charset=\"utf-8\"><\/script><\/p>\n<p>El portal\u00a0se\u00f1al\u00f3 que Marco Fabi\u00e1n llega para seguir los pasos de su amigo y que el atacante del Bayer Leverkusen fue una pieza fundamental para asegurarse de que la <strong>Bundesliga<\/strong> era el destino a cumplir. &#8220;La realidad es que es un gran amigo, he estado hablando mucho con \u00e9l y ya me dio algunos consejos, sobre todo del trabajo, de la gran liga que es esta y de la gran calidad que puedes mostrar dentro de la cancha&#8221;, expuso el nuevo 10 de las \u00c1guilas del Eintracht Frankfurt.<\/p>\n<p><a href=\"http:\/\/futboltotal.com.mx\/wp-content\/uploads\/2016\/01\/Chicharito-Footsteps.png\"><img decoding=\"async\" loading=\"lazy\" class=\"size-full wp-image-346022 aligncenter\" src=\"http:\/\/futboltotal.com.mx\/wp-content\/uploads\/2016\/01\/Chicharito-Footsteps.png\" alt=\"Chicharito Footsteps\" srcset=\"http:\/\/desarrollo.grupomedios.com\/futbol\/wp-content\/uploads\/2016\/01\/Chicharito-Footsteps.png 562w, http:\/\/desarrollo.grupomedios.com\/futbol\/wp-content\/uploads\/2016\/01\/Chicharito-Footsteps-300x168.png 300w\" sizes=\"(max-width: 562px) 100vw, 562px\" \/><\/a><\/p>\n<p><strong>Marco Fabi\u00e1n<\/strong> confes\u00f3 en su presentaci\u00f3n con su nuevo club que ha contemplado los \u00faltimos duelos de su nuevo equipo y que siempre ha sido un seguidor constante de la competici\u00f3n. &#8220;En M\u00e9xico se sigue mucho la Bundesliga. Es una de las mejores ligas del mundo&#8221;, revel\u00f3 sobre su nuevo reto. &#8220;He estado viendo los partidos del Frankfurt. Vengo con toda la alegr\u00eda y a poner de mi parte, algo similar a lo hecho en M\u00e9xico&#8221;, abund\u00f3 el mexicano.<\/p>\n<p>Sobre la posici\u00f3n en la que se desempe\u00f1ar\u00e1 con su nuevo club, Marco Fabi\u00e1n fue claro en cu\u00e1les son sus preferencias. &#8220;Realmente me gusta mucho jugar por el centro. Me gusta mucha dar pases para gol, pisar el \u00e1rea, atreverme y ser creativo. <span style=\"color: #3366ff;\"><a style=\"color: #3366ff;\" href=\"http:\/\/tv.eintracht.de\/de\/eintracht-tv-global\/ef_2016_01_03_pk_neuzugaenge_spanisch_eintrachttv\/page\/2287---2182-.html\">Intentar los tiros a gol es una de mis cualidades<\/a><\/span>&#8220;, expres\u00f3 y fue m\u00e1s all\u00e1, revelando que tiene toda la confianza del estratega de la instituci\u00f3n y que en el lugar donde lo requiera Armin Veh, luchar\u00e1 por consolidarse sin importar las barreras.<\/p>\n<p style=\"text-align: center;\"><span style=\"color: #3366ff;\"><a style=\"color: #3366ff;\" href=\"http:\/\/futboltotal.com.mx\/2016\/01\/marco-fabian-presentado-con-eintracht-frankfurt\/\">LEER M\u00c1S: Marco Fabi\u00e1n, presentado con Eintracht Frankfurt.<\/a><\/span><\/p>\n","protected":false},"excerpt":{"rendered":"<p>La web oficial del certamen alem\u00e1n destac\u00f3 al flamante fichaje invernal <\/p>\n","protected":false},"author":20,"featured_media":346023,"comment_status":"closed","ping_status":"closed","sticky":false,"template":"","format":"standard","meta":[],"categories":[5,3839],"tags":[119,120,3588,131],"_links":{"self":[{"href":"http:\/\/desarrollo.grupomedios.com\/futbol\/wp-json\/wp\/v2\/posts\/346020"}],"collection":[{"href":"http:\/\/desarrollo.grupomedios.com\/futbol\/wp-json\/wp\/v2\/posts"}],"about":[{"href":"http:\/\/desarrollo.grupomedios.com\/futbol\/wp-json\/wp\/v2\/types\/post"}],"author":[{"embeddable":true,"href":"http:\/\/desarrollo.grupomedios.com\/futbol\/wp-json\/wp\/v2\/users\/20"}],"replies":[{"embeddable":true,"href":"http:\/\/desarrollo.grupomedios.com\/futbol\/wp-json\/wp\/v2\/comments?post=346020"}],"version-history":[{"count":0,"href":"http:\/\/desarrollo.grupomedios.com\/futbol\/wp-json\/wp\/v2\/posts\/346020\/revisions"}],"wp:featuredmedia":[{"embeddable":true,"href":"http:\/\/desarrollo.grupomedios.com\/futbol\/wp-json\/wp\/v2\/media\/346023"}],"wp:attachment":[{"href":"http:\/\/desarrollo.grupomedios.com\/futbol\/wp-json\/wp\/v2\/media?parent=346020"}],"wp:term":[{"taxonomy":"category","embeddable":true,"href":"http:\/\/desarrollo.grupomedios.com\/futbol\/wp-json\/wp\/v2\/categories?post=346020"},{"taxonomy":"post_tag","embeddable":true,"href":"http:\/\/desarrollo.grupomedios.com\/futbol\/wp-json\/wp\/v2\/tags?post=346020"}],"curies":[{"name":"wp","href":"https:\/\/api.w.org\/{rel}","templated":true}]}}