{"id":346040,"date":"2016-01-03T14:05:41","date_gmt":"2016-01-03T20:05:41","guid":{"rendered":"http:\/\/futboltotal.com.mx\/?p=346040"},"modified":"2016-01-03T14:51:00","modified_gmt":"2016-01-03T20:51:00","slug":"porto-b-arranca-el-ano-con-goleada","status":"publish","type":"post","link":"http:\/\/desarrollo.grupomedios.com\/futbol\/futbol-internacional\/porto-b-arranca-el-ano-con-goleada\/2016\/01","title":{"rendered":"Gudi\u00f1o tapa penal y Porto B inicia a\u00f1o con goleada"},"content":{"rendered":"<p>Con la participaci\u00f3n de Ra\u00fal Gudi\u00f1o y Omar Govea, el <strong>Porto B<\/strong> consigui\u00f3 marcar por primera vez cinco goles en la temporada 2015-16 e inici\u00f3 el a\u00f1o con el pie derecho tras golear 5-2 ante el Vitoria Guimares, en\u00a0la fecha 23 de la Segunda Divisi\u00f3n de Portugal, celebrada en\u00a0el estadio Jorge Zampado.<\/p>\n<p>El arquero mexicano fue una de la figuras del partido tras atajar un penal en el tramo final del partido, que permiti\u00f3 a los <em>Dragones\u00a0<\/em>consumar el triunfo que los deja\u00a0superl\u00edderes de la clasificaci\u00f3n.<\/p>\n<p>El Porto vino de atr\u00e1s para remontar un tanto marcado antes del cuarto de hora por\u00a0Bruno Mendes, con dos dianas que Gleison y el paname\u00f1o Ismael D\u00edaz -de penalti- firmaron en solo cinco minutos.<\/p>\n<p>El Vitoria consigui\u00f3 el empate parcial 2-2 tras un tanto desde el manch\u00f3n penal de Denis Martins en el que el arquero Gudi\u00f1o poco pudo hacer. Pero antes de ir al descanso, D\u00edaz encumbr\u00f3 al Porto de nueva cuenta al anotar el 3-2 antes de irse al descanso.<br \/>\n<iframe loading=\"lazy\" src=\"https:\/\/www.youtube.com\/embed\/5uBoqUQfrOA\" frameborder=\"0\" allowfullscreen=\"allowfullscreen\"><\/iframe><br \/>\nLa segunda parte fue para los dirigidos por Luis Castro y fue al minuto 63 que Francisco Ramos marc\u00f3 el 4-2. Seis minutos despu\u00e9s Govea Garc\u00eda fue sustituido por Tom\u00e1s Podstawski luego de que tuvo una buena actuaci\u00f3n.<\/p>\n<p>El \u00faltimo tanto del partido fue obra del colombiano Leonardo Acevedo al 68, lo que sell\u00f3 el triunfo n\u00famero 15 de los portistas en la Liga de la Honra, la cual dominan con 49 unidades, nueve m\u00e1s que su m\u00e1s cercano perseguidor, el Chav\u00e9s, que tiene 40 y que esta jornada desplaz\u00f3 al Feirense a la tercera plaza.<\/p>\n<p>El pr\u00f3ximo encuentro de los mexicanos Gudi\u00f1o y Govea ser\u00e1 el 9 de enero contra el Portimonense, que marcha s\u00e9ptimo en la liga con 36 unidades.<\/p>\n","protected":false},"excerpt":{"rendered":"<p>Los mexicanos tuvieron una buena actuaci\u00f3n frente al Victoria Guimaraes<\/p>\n","protected":false},"author":20,"featured_media":346046,"comment_status":"closed","ping_status":"closed","sticky":false,"template":"","format":"standard","meta":[],"categories":[3839,5951],"tags":[5612,4243,4596],"_links":{"self":[{"href":"http:\/\/desarrollo.grupomedios.com\/futbol\/wp-json\/wp\/v2\/posts\/346040"}],"collection":[{"href":"http:\/\/desarrollo.grupomedios.com\/futbol\/wp-json\/wp\/v2\/posts"}],"about":[{"href":"http:\/\/desarrollo.grupomedios.com\/futbol\/wp-json\/wp\/v2\/types\/post"}],"author":[{"embeddable":true,"href":"http:\/\/desarrollo.grupomedios.com\/futbol\/wp-json\/wp\/v2\/users\/20"}],"replies":[{"embeddable":true,"href":"http:\/\/desarrollo.grupomedios.com\/futbol\/wp-json\/wp\/v2\/comments?post=346040"}],"version-history":[{"count":0,"href":"http:\/\/desarrollo.grupomedios.com\/futbol\/wp-json\/wp\/v2\/posts\/346040\/revisions"}],"wp:featuredmedia":[{"embeddable":true,"href":"http:\/\/desarrollo.grupomedios.com\/futbol\/wp-json\/wp\/v2\/media\/346046"}],"wp:attachment":[{"href":"http:\/\/desarrollo.grupomedios.com\/futbol\/wp-json\/wp\/v2\/media?parent=346040"}],"wp:term":[{"taxonomy":"category","embeddable":true,"href":"http:\/\/desarrollo.grupomedios.com\/futbol\/wp-json\/wp\/v2\/categories?post=346040"},{"taxonomy":"post_tag","embeddable":true,"href":"http:\/\/desarrollo.grupomedios.com\/futbol\/wp-json\/wp\/v2\/tags?post=346040"}],"curies":[{"name":"wp","href":"https:\/\/api.w.org\/{rel}","templated":true}]}}