{"id":346076,"date":"2016-01-03T15:26:33","date_gmt":"2016-01-03T21:26:33","guid":{"rendered":"http:\/\/futboltotal.com.mx\/?p=346076"},"modified":"2016-01-04T09:59:29","modified_gmt":"2016-01-04T15:59:29","slug":"chicharito-es-intransferible-para-cualquier-equipo","status":"publish","type":"post","link":"http:\/\/desarrollo.grupomedios.com\/futbol\/destacado-home\/chicharito-es-intransferible-para-cualquier-equipo\/2016\/01","title":{"rendered":"Chicharito es intransferible para cualquier equipo"},"content":{"rendered":"<p>El director deportivo del <strong>Bayer Leverkusen<\/strong>, Rudi V\u00f6ller, est\u00e1 m\u00e1s que satisfecho con el desempe\u00f1o de <strong>Javier Chicharito Hern\u00e1ndez<\/strong> y ante las constantes olas de rumores que lo colocan en el Arsenal, sentenci\u00f3 con declaraciones a los micr\u00f3fonos de <em>Sky Sports<\/em> que el mexicano es intransferible.<\/p>\n<p>El dos veces mundialista por Alemania considera al atacante<em> azteca<\/em> una pieza vital para el funcionamiento del sistema de juego del t\u00e9cnico Roger Schmidt.<\/p>\n<p>&#8220;Chicharito ha sido muy importante en nuestro \u00e9xito hasta ahora, por su estilo de juego y por sus goles. Es la raz\u00f3n por la que lo compramos. Hasta ahora, durante la primera parte de la temporada, todo ha funcionado bien&#8221;.<\/p>\n<p style=\"text-align: center;\"><span style=\"color: #3366ff;\"><a style=\"color: #3366ff;\" href=\"http:\/\/futboltotal.com.mx\/2016\/01\/bundesliga-visualiza-a-marco-fabian-con-exito-similar-a-chicharito\/\"><strong>LEER M\u00c1S: Bundesliga ve en Marco Fabi\u00e1n un nuevo Chicharito<\/strong> <\/a><\/span><\/p>\n<p>V\u00f6ller tambi\u00e9n asegur\u00f3 que es normal que hayan rumores de fichajes en esta \u00e9poca del a\u00f1o, debido al mercado abierto, al tiempo que defendi\u00f3 su pol\u00edtica de no alterar la plantilla: &#8220;Es f\u00e1cil rechazar ofertas cuando no necesitas vender. Mantendremos a los jugadores que queremos y que nos ayuden a anotar&#8221;.<\/p>\n<p>Varios rumores han apuntado a Javier Hern\u00e1ndez en la agenda del Arsenal, sin embargo, ninguna oferta por el jugador ha sido oficializada. Ante esta negativa de venta, los <em>Gunners<\/em>, con claras posibilidades de reconquistar el t\u00edtulo de Premier League tras 12 a\u00f1os, se plantean el fichaje de Pierre-Emerick Aubameyang, futbolista por el que de acuerdo al Mirror, ofrecer\u00edan hasta 60 millones de euros para apuntalar su ataque.<\/p>\n<p>&nbsp;<\/p>\n<p style=\"text-align: center;\">\n","protected":false},"excerpt":{"rendered":"<p>Rudi Voller le mand\u00f3 un mensaje directo al Arsenal<\/p>\n","protected":false},"author":20,"featured_media":346081,"comment_status":"closed","ping_status":"closed","sticky":false,"template":"","format":"standard","meta":[],"categories":[5,3839],"tags":[6044,4335,120,5078],"_links":{"self":[{"href":"http:\/\/desarrollo.grupomedios.com\/futbol\/wp-json\/wp\/v2\/posts\/346076"}],"collection":[{"href":"http:\/\/desarrollo.grupomedios.com\/futbol\/wp-json\/wp\/v2\/posts"}],"about":[{"href":"http:\/\/desarrollo.grupomedios.com\/futbol\/wp-json\/wp\/v2\/types\/post"}],"author":[{"embeddable":true,"href":"http:\/\/desarrollo.grupomedios.com\/futbol\/wp-json\/wp\/v2\/users\/20"}],"replies":[{"embeddable":true,"href":"http:\/\/desarrollo.grupomedios.com\/futbol\/wp-json\/wp\/v2\/comments?post=346076"}],"version-history":[{"count":0,"href":"http:\/\/desarrollo.grupomedios.com\/futbol\/wp-json\/wp\/v2\/posts\/346076\/revisions"}],"wp:featuredmedia":[{"embeddable":true,"href":"http:\/\/desarrollo.grupomedios.com\/futbol\/wp-json\/wp\/v2\/media\/346081"}],"wp:attachment":[{"href":"http:\/\/desarrollo.grupomedios.com\/futbol\/wp-json\/wp\/v2\/media?parent=346076"}],"wp:term":[{"taxonomy":"category","embeddable":true,"href":"http:\/\/desarrollo.grupomedios.com\/futbol\/wp-json\/wp\/v2\/categories?post=346076"},{"taxonomy":"post_tag","embeddable":true,"href":"http:\/\/desarrollo.grupomedios.com\/futbol\/wp-json\/wp\/v2\/tags?post=346076"}],"curies":[{"name":"wp","href":"https:\/\/api.w.org\/{rel}","templated":true}]}}