{"id":346089,"date":"2016-01-03T15:52:01","date_gmt":"2016-01-03T21:52:01","guid":{"rendered":"http:\/\/futboltotal.com.mx\/?p=346089"},"modified":"2016-01-04T09:58:36","modified_gmt":"2016-01-04T15:58:36","slug":"real-madrid-arranca-con-el-pie-izquierdo","status":"publish","type":"post","link":"http:\/\/desarrollo.grupomedios.com\/futbol\/futbol-internacional\/real-madrid-arranca-con-el-pie-izquierdo\/2016\/01","title":{"rendered":"Real Madrid arranca con el pie izquierdo"},"content":{"rendered":"<p>El Valencia hizo hasta lo imposible para evitar que el <strong>Real Madrid<\/strong>\u00a0arrancara el a\u00f1o de la mejor manera. El conjunto <em>merengue<\/em> no aprovech\u00f3 el haberse ido\u00a0arriba en el marcador en dos ocasiones y sali\u00f3 de Mestalla con un hombre menos, y con un empate a dos, que lo coloca en el tercer lugar de la Liga.<\/p>\n<p>Al minuto 16, una jugada de <em>cracks<\/em>, que conluy\u00f3 en gol de Karim Benzema puso adelante a la visita; dicha acci\u00f3n reflejaba la superioridad del Real Madrid, hasta el momento en cancha ajena, pero no pudieron confirmarla en la primera parte, gracias al empate de Dani Parejo, por la v\u00eda del penal, al 45\u00b4. Antes, Gareth Bale pudo haber ampliado la ventaja, pero no aprovech\u00f3 la mala salida del Valencia al 28\u2019.<\/p>\n<p style=\"text-align: center;\"><strong><span style=\"color: #3366ff;\"><a style=\"color: #3366ff;\" href=\"http:\/\/futboltotal.com.mx\/2016\/01\/real-madrid-y-su-magico-gol-fabricado-por-la-bbc\/\">LEER M\u00c1S: Real Madrid y su m\u00e1gico gol creado por la BBC<\/a><\/span><\/strong><\/p>\n<p>La motivaci\u00f3n surti\u00f3 efecto para los locales, quienes se mostraron mejor en el terreno de juego para la segunda parte, mientras que\u00a0la desconcentraci\u00f3n de los visitantes se vio reflejada en una llegada tard\u00eda de Mateo Kovacic, quien tuvo que salir expulsado, apenas al 68\u00b4.<\/p>\n<p>Sin embargo, al 81\u00b4el gal\u00e9s, despu\u00e9s de tantas fallas en el encuentro, por fin encontr\u00f3 respuesta a sus intentos, dando el gol de la ventaja, con un cabezazo al \u00e1ngulo, aunque la felicidad dur\u00f3 poco. Al minuto 83, Paco Alc\u00e1cer aprovecha la desatenci\u00f3n de la zaga madridista, y consigui\u00f3 vencer a Keylor Navas, decretando el 2-2 final en el electr\u00f3nico.<\/p>\n<p>El Real Madrid todav\u00eda tuvo oportunidad de ganar el partido, pero Bale volv\u00eda a fallar sus env\u00edos, primero, estrellando el bal\u00f3n en Cristiano Ronaldo, y otra, mandando el bal\u00f3n muy por arriba de la meta local.<\/p>\n<p>Con este resultado los <em>Merengues <\/em>se queda en la tercera posici\u00f3n de la tabla general, con 37 puntos; el Barcelona, con la igualada del d\u00eda de ayer ante Espanyol se qued\u00f3 en 39 unidades dentro del segundo puesto, y el Atl\u00e9tico de Madrid, gracias a su victoria ante el Levante, se queda de l\u00edder general\u00a0con\u00a041 puntos.<\/p>\n<p><iframe loading=\"lazy\" src=\"https:\/\/www.youtube.com\/embed\/-IgHKqNY-pg\" frameborder=\"0\" allowfullscreen=\"allowfullscreen\"><\/iframe><\/p>\n","protected":false},"excerpt":{"rendered":"<p>Los Blancos se quedan con 10 y no aprovechan superioridad en el marcador en dos ocasiones<\/p>\n","protected":false},"author":20,"featured_media":346085,"comment_status":"closed","ping_status":"closed","sticky":false,"template":"","format":"standard","meta":[],"categories":[3839,3844,5951],"tags":[1913,5988,87],"_links":{"self":[{"href":"http:\/\/desarrollo.grupomedios.com\/futbol\/wp-json\/wp\/v2\/posts\/346089"}],"collection":[{"href":"http:\/\/desarrollo.grupomedios.com\/futbol\/wp-json\/wp\/v2\/posts"}],"about":[{"href":"http:\/\/desarrollo.grupomedios.com\/futbol\/wp-json\/wp\/v2\/types\/post"}],"author":[{"embeddable":true,"href":"http:\/\/desarrollo.grupomedios.com\/futbol\/wp-json\/wp\/v2\/users\/20"}],"replies":[{"embeddable":true,"href":"http:\/\/desarrollo.grupomedios.com\/futbol\/wp-json\/wp\/v2\/comments?post=346089"}],"version-history":[{"count":0,"href":"http:\/\/desarrollo.grupomedios.com\/futbol\/wp-json\/wp\/v2\/posts\/346089\/revisions"}],"wp:featuredmedia":[{"embeddable":true,"href":"http:\/\/desarrollo.grupomedios.com\/futbol\/wp-json\/wp\/v2\/media\/346085"}],"wp:attachment":[{"href":"http:\/\/desarrollo.grupomedios.com\/futbol\/wp-json\/wp\/v2\/media?parent=346089"}],"wp:term":[{"taxonomy":"category","embeddable":true,"href":"http:\/\/desarrollo.grupomedios.com\/futbol\/wp-json\/wp\/v2\/categories?post=346089"},{"taxonomy":"post_tag","embeddable":true,"href":"http:\/\/desarrollo.grupomedios.com\/futbol\/wp-json\/wp\/v2\/tags?post=346089"}],"curies":[{"name":"wp","href":"https:\/\/api.w.org\/{rel}","templated":true}]}}