{"id":346113,"date":"2016-01-03T17:08:55","date_gmt":"2016-01-03T23:08:55","guid":{"rendered":"http:\/\/futboltotal.com.mx\/?p=346113"},"modified":"2016-01-03T17:08:55","modified_gmt":"2016-01-03T23:08:55","slug":"mauro-boselli-se-pierde-el-inicio-del-torneo-con-leon","status":"publish","type":"post","link":"http:\/\/desarrollo.grupomedios.com\/futbol\/futbol-mexicano\/mauro-boselli-se-pierde-el-inicio-del-torneo-con-leon\/2016\/01","title":{"rendered":"Mauro Boselli se pierde el inicio del torneo con Le\u00f3n"},"content":{"rendered":"<p>No arrancar\u00e1 de mejor manera el torneo para los <em>Esmeraldas<\/em> de <strong>Le\u00f3n<\/strong>, ya que el entrenador, Juan Antonio Pizzi ha confirmado que el delantero, <strong>Mauro Boselli<\/strong>, se perder\u00e1 el inicio del torneo con los <em>Panzas Verdes<\/em>.<\/p>\n<p>El capit\u00e1n y goleador argentino sufri\u00f3 un esguince en el tobillo derecho en el partido amistoso ante el conjunto del Irapuato. En un principio la molestia no presentaba signos de gravedad, pero el club decidi\u00f3 no ocuparlo para sus siguientes compromisos.<\/p>\n<p>Fue el 29 de diciembre pasado cuando Boselli habia regresado a los entrenamientos con el equipo, sin embargo los dolores se volvieron a presentar y la recuperaci\u00f3n no avanzaba; los estudios, llevados a cabo por el doctor del equipo, Valentin Villa decretaron la gravedad de la lesi\u00f3n.<\/p>\n<p style=\"text-align: center;\"><strong><span style=\"color: #3366ff;\"><a style=\"color: #3366ff;\" href=\"http:\/\/futboltotal.com.mx\/2015\/12\/leon-pierde-ante-necaxa-en-pretemporada\/\">LEER M\u00c1S: Le\u00f3n pierde ante Necaxa en pretemporada<\/a><\/span><\/strong><\/p>\n<p>&#8220;No creo que Mauro est\u00e9 en la fecha uno, vamos a ver c\u00f3mo avanza la semana pero por lo que he hablado con el doctor no podemos apresurarnos&#8221;, afirm\u00f3 Juan Antonio Pizzi.<\/p>\n<p>De esta manera, <strong>Mauro Boselli<\/strong> se perder\u00e1 el arranque del torneo, en donde enfrentar\u00eda al conjunto de Santos de Torre\u00f3n, mientras que habr\u00e1 que esperar si se encuentra al cien\u00a0por ciento, para enfrentar al conjunto del Veracruz, en la jornada 2.<\/p>\n","protected":false},"excerpt":{"rendered":"<p>Lesi\u00f3n en el pie derecho lo margina del primer partido con los Esmeraldas<\/p>\n","protected":false},"author":20,"featured_media":346114,"comment_status":"closed","ping_status":"closed","sticky":false,"template":"","format":"standard","meta":[],"categories":[2198,3845,5950],"tags":[6657,5965,1245,3863],"_links":{"self":[{"href":"http:\/\/desarrollo.grupomedios.com\/futbol\/wp-json\/wp\/v2\/posts\/346113"}],"collection":[{"href":"http:\/\/desarrollo.grupomedios.com\/futbol\/wp-json\/wp\/v2\/posts"}],"about":[{"href":"http:\/\/desarrollo.grupomedios.com\/futbol\/wp-json\/wp\/v2\/types\/post"}],"author":[{"embeddable":true,"href":"http:\/\/desarrollo.grupomedios.com\/futbol\/wp-json\/wp\/v2\/users\/20"}],"replies":[{"embeddable":true,"href":"http:\/\/desarrollo.grupomedios.com\/futbol\/wp-json\/wp\/v2\/comments?post=346113"}],"version-history":[{"count":0,"href":"http:\/\/desarrollo.grupomedios.com\/futbol\/wp-json\/wp\/v2\/posts\/346113\/revisions"}],"wp:featuredmedia":[{"embeddable":true,"href":"http:\/\/desarrollo.grupomedios.com\/futbol\/wp-json\/wp\/v2\/media\/346114"}],"wp:attachment":[{"href":"http:\/\/desarrollo.grupomedios.com\/futbol\/wp-json\/wp\/v2\/media?parent=346113"}],"wp:term":[{"taxonomy":"category","embeddable":true,"href":"http:\/\/desarrollo.grupomedios.com\/futbol\/wp-json\/wp\/v2\/categories?post=346113"},{"taxonomy":"post_tag","embeddable":true,"href":"http:\/\/desarrollo.grupomedios.com\/futbol\/wp-json\/wp\/v2\/tags?post=346113"}],"curies":[{"name":"wp","href":"https:\/\/api.w.org\/{rel}","templated":true}]}}