{"id":346165,"date":"2016-01-04T09:20:09","date_gmt":"2016-01-04T15:20:09","guid":{"rendered":"http:\/\/futboltotal.com.mx\/?p=346165"},"modified":"2016-01-04T09:20:09","modified_gmt":"2016-01-04T15:20:09","slug":"sampdoria-roba-fichaje-al-america","status":"publish","type":"post","link":"http:\/\/desarrollo.grupomedios.com\/futbol\/destacado-home\/sampdoria-roba-fichaje-al-america\/2016\/01","title":{"rendered":"Sampdoria &#8216;roba&#8217; fichaje al Am\u00e9rica"},"content":{"rendered":"<p>El <strong>Am\u00e9rica<\/strong> buscaba un fichaje grande para este a\u00f1o de Centenario. En la mira se encontraba el mundialista argentino <strong>Ricky \u00c1lvarez<\/strong>, espigado mediocampista cuya principal virtud es la gambeta. El mes de diciembre lleg\u00f3 a su fin y el acuerdo no pudo ser concretado. Ricardo Pel\u00e1ez neg\u00f3 en todo momento cualquier tipo de contacto, lo cierto es que fich\u00f3 dos futbolistas similares en cuanto a posici\u00f3n, William Da Silva y Brian Lozano, difuminando cualquier posibilidad de contar con el oriundo de\u00a0Buenos Aires.<\/p>\n<p>La situaci\u00f3n fue confirmada este lunes con la apertura del mercado de fichajes en Europa, el deseo de Am\u00e9rica, Ricky \u00c1lvarez, firm\u00f3 un contrato con el Sampdoria hasta el 30 de junio del presente a\u00f1o.<\/p>\n<blockquote class=\"twitter-tweet\" lang=\"es\">\n<p dir=\"ltr\" lang=\"en\">.<a href=\"https:\/\/twitter.com\/ricky11alvarez\">@ricky11alvarez<\/a> has joined <a href=\"https:\/\/twitter.com\/hashtag\/Sampdoria?src=hash\">#Sampdoria<\/a>! The Argentine puts pen to paper and will wear No. 25 <a href=\"https:\/\/t.co\/ef3D2OU01w\">https:\/\/t.co\/ef3D2OU01w<\/a> <a href=\"https:\/\/t.co\/3CHdCxsPKQ\">pic.twitter.com\/3CHdCxsPKQ<\/a><\/p>\n<p>\u2014 Sampdoria English (@sampdoria_en) <a href=\"https:\/\/twitter.com\/sampdoria_en\/status\/683940907327090688\">enero 4, 2016<\/a><\/p><\/blockquote>\n<p><script src=\"\/\/platform.twitter.com\/widgets.js\" async=\"\" charset=\"utf-8\"><\/script><\/p>\n<p>El mediocampista de 27 a\u00f1os estamp\u00f3 su firma en el contrato y pos\u00f3 para la foto con el presidente del Sampdoria, Massimo Ferrero. \u00c1lvarez vestir\u00e1 el dorsal n\u00famero 25.<\/p>\n<p>Pronto llegaron los elogios para Ricardo, el entrenador del cuadro genov\u00e9s est\u00e1 m\u00e1s que entusiasmado con la contrataci\u00f3n. &#8220;Ricky \u00c1lvarez es un jugador de gran calidad. El puede vencer f\u00e1cil en el mano a mano y posee gran t\u00e9cnica&#8221;, espet\u00f3 Montella, entrenador de la Sampdoria.<\/p>\n<p style=\"text-align: center;\"><strong><span style=\"color: #3366ff;\"><a style=\"color: #3366ff;\" href=\"http:\/\/futboltotal.com.mx\/2016\/01\/5-refuerzos-que-deben-pesar-en-el-clausura-2016\/\">LEER M\u00c1S: 5 refuerzos que deben pesar en el Clausura 2016. <\/a><\/span><\/strong><\/p>\n","protected":false},"excerpt":{"rendered":"<p>El mundialista argentino Ricky \u00c1lvarez, fue oficialmente presentado en el cuadro italiano<\/p>\n","protected":false},"author":20,"featured_media":346166,"comment_status":"closed","ping_status":"closed","sticky":false,"template":"","format":"standard","meta":[],"categories":[5,3839],"tags":[5959,6659,6508,452],"_links":{"self":[{"href":"http:\/\/desarrollo.grupomedios.com\/futbol\/wp-json\/wp\/v2\/posts\/346165"}],"collection":[{"href":"http:\/\/desarrollo.grupomedios.com\/futbol\/wp-json\/wp\/v2\/posts"}],"about":[{"href":"http:\/\/desarrollo.grupomedios.com\/futbol\/wp-json\/wp\/v2\/types\/post"}],"author":[{"embeddable":true,"href":"http:\/\/desarrollo.grupomedios.com\/futbol\/wp-json\/wp\/v2\/users\/20"}],"replies":[{"embeddable":true,"href":"http:\/\/desarrollo.grupomedios.com\/futbol\/wp-json\/wp\/v2\/comments?post=346165"}],"version-history":[{"count":0,"href":"http:\/\/desarrollo.grupomedios.com\/futbol\/wp-json\/wp\/v2\/posts\/346165\/revisions"}],"wp:featuredmedia":[{"embeddable":true,"href":"http:\/\/desarrollo.grupomedios.com\/futbol\/wp-json\/wp\/v2\/media\/346166"}],"wp:attachment":[{"href":"http:\/\/desarrollo.grupomedios.com\/futbol\/wp-json\/wp\/v2\/media?parent=346165"}],"wp:term":[{"taxonomy":"category","embeddable":true,"href":"http:\/\/desarrollo.grupomedios.com\/futbol\/wp-json\/wp\/v2\/categories?post=346165"},{"taxonomy":"post_tag","embeddable":true,"href":"http:\/\/desarrollo.grupomedios.com\/futbol\/wp-json\/wp\/v2\/tags?post=346165"}],"curies":[{"name":"wp","href":"https:\/\/api.w.org\/{rel}","templated":true}]}}