{"id":346245,"date":"2016-01-04T14:23:36","date_gmt":"2016-01-04T20:23:36","guid":{"rendered":"http:\/\/futboltotal.com.mx\/?p=346245"},"modified":"2016-01-04T14:26:10","modified_gmt":"2016-01-04T20:26:10","slug":"ven-un-futuro-balon-de-oro-para-neymar","status":"publish","type":"post","link":"http:\/\/desarrollo.grupomedios.com\/futbol\/futbol-internacional\/ven-un-futuro-balon-de-oro-para-neymar\/2016\/01","title":{"rendered":"Crack brasile\u00f1o ve futuro Bal\u00f3n de Oro para Neymar"},"content":{"rendered":"<p>La llegada de <strong>Neymar<\/strong> a la terna final para poderse adjudicar el <strong>Bal\u00f3n de Oro<\/strong> es una situaci\u00f3n que no escapa a la atenci\u00f3n de las figuras del futbol brasile\u00f1o, al grado de que uno de ellos asegur\u00f3 que, el actual \u201c10\u201d de la selecci\u00f3n amaz\u00f3nica pronto se adjudicar\u00e1 el galard\u00f3n; se trata del mediocampista\u00a0del Orlando City, <strong><em>Kak\u00e1<\/em><\/strong><em>.<\/em><\/p>\n<p>El a\u00fan elemento de la selecci\u00f3n brasile\u00f1a, quien ya sabe lo que es ganar este galard\u00f3n (edici\u00f3n 2007), sabe que era dif\u00edcil que un connacional obtuviera un lugar\u00a0en las ternas finales de los \u00faltimos a\u00f1os.<\/p>\n<p>\u201cEs dif\u00edcil se\u00f1alar una sola raz\u00f3n para esto, pero debe servir para poner sobre aviso al f\u00fatbol brasile\u00f1o. Y la verdad sea dicha, no es tarea f\u00e1cil forjar un ganador del Bal\u00f3n de Oro\u201d declar\u00f3 el mediocampista a <em>Fifa.com<\/em>.<\/p>\n<p style=\"text-align: center;\"><strong><span style=\"color: #3366ff;\"><a style=\"color: #3366ff;\" href=\"http:\/\/futboltotal.com.mx\/2015\/12\/neymar-es-mi-heredero-ronaldinho\/\">LEER M\u00c1S: &#8220;Neymar es mi heredero&#8221;: Ronaldinho<\/a><\/span><\/strong><\/p>\n<p>Sin embargo, asegura que la llegada de <strong>Neymar<\/strong> al futbol de Europa lo ayud\u00f3 a crecer a tal grado, que es \u201ccuesti\u00f3n de tiempo\u201d para que <em>Ney<\/em> se adjudique dicho cetro.<\/p>\n<p>\u201cGracias a Dios, <strong>Neymar<\/strong> ha mejorado mucho desde que se fue a jugar a Europa; su juego es mucho m\u00e1s maduro. Ahora, que alcance el primer puesto es una cuesti\u00f3n de tiempo\u201d, afirm\u00f3.<\/p>\n<p>Por \u00faltimo, <strong>Kak\u00e1<\/strong> dijo entender el hecho de que el <strong>Bal\u00f3n de Oro<\/strong> haya reca\u00eddo en las personas de Lionel Messi y Cristiano Ronaldo en los \u00faltimos a\u00f1os, gracias a sus buenas temporadas con sus respectivos clubes.<\/p>\n<p>\u201cSiempre hab\u00edan ido rotando los ganadores: Ronaldo y Zidane lo ganaron 3 veces, pero siempre hab\u00eda alg\u00fan otro jugador; nombres como Figo, Ronaldinho, yo mismo, Rivaldo, Cannavaro. Despu\u00e9s vino esta sucesi\u00f3n de Cristiano y Messi, s\u00f3lo ellos dos\u2026 y es justo, por lo que vienen haciendo a\u00f1o tras a\u00f1o\u201d, concluy\u00f3.<\/p>\n","protected":false},"excerpt":{"rendered":"<p>Ex ganador del premio asegura que es \u201ccuesti\u00f3n de tiempo\u201d<\/p>\n","protected":false},"author":20,"featured_media":346247,"comment_status":"closed","ping_status":"closed","sticky":false,"template":"","format":"standard","meta":[],"categories":[3839,5951],"tags":[222,211,6001],"_links":{"self":[{"href":"http:\/\/desarrollo.grupomedios.com\/futbol\/wp-json\/wp\/v2\/posts\/346245"}],"collection":[{"href":"http:\/\/desarrollo.grupomedios.com\/futbol\/wp-json\/wp\/v2\/posts"}],"about":[{"href":"http:\/\/desarrollo.grupomedios.com\/futbol\/wp-json\/wp\/v2\/types\/post"}],"author":[{"embeddable":true,"href":"http:\/\/desarrollo.grupomedios.com\/futbol\/wp-json\/wp\/v2\/users\/20"}],"replies":[{"embeddable":true,"href":"http:\/\/desarrollo.grupomedios.com\/futbol\/wp-json\/wp\/v2\/comments?post=346245"}],"version-history":[{"count":0,"href":"http:\/\/desarrollo.grupomedios.com\/futbol\/wp-json\/wp\/v2\/posts\/346245\/revisions"}],"wp:featuredmedia":[{"embeddable":true,"href":"http:\/\/desarrollo.grupomedios.com\/futbol\/wp-json\/wp\/v2\/media\/346247"}],"wp:attachment":[{"href":"http:\/\/desarrollo.grupomedios.com\/futbol\/wp-json\/wp\/v2\/media?parent=346245"}],"wp:term":[{"taxonomy":"category","embeddable":true,"href":"http:\/\/desarrollo.grupomedios.com\/futbol\/wp-json\/wp\/v2\/categories?post=346245"},{"taxonomy":"post_tag","embeddable":true,"href":"http:\/\/desarrollo.grupomedios.com\/futbol\/wp-json\/wp\/v2\/tags?post=346245"}],"curies":[{"name":"wp","href":"https:\/\/api.w.org\/{rel}","templated":true}]}}