{"id":346268,"date":"2016-01-04T15:27:23","date_gmt":"2016-01-04T21:27:23","guid":{"rendered":"http:\/\/futboltotal.com.mx\/?p=346268"},"modified":"2016-01-04T15:27:23","modified_gmt":"2016-01-04T21:27:23","slug":"barcelona-con-via-libre-para-fichar","status":"publish","type":"post","link":"http:\/\/desarrollo.grupomedios.com\/futbol\/uncategorized\/barcelona-con-via-libre-para-fichar\/2016\/01","title":{"rendered":"Barcelona tiene camino libre para fichar"},"content":{"rendered":"<p>Tras finalizar la sanci\u00f3n impuesta por la <strong>FIFA<\/strong> al <strong>FC Barcelona<\/strong> que le prohib\u00eda realizar fichajes hasta 2016, con lo que el club ya podr\u00e1 dar de alta a varios jugadores, entre ellos el turco Arda Tur\u00e1n y Aleix Vidal, as\u00ed como a m\u00e1s 70 canteranos.<\/p>\n<p>De acuerdo con medios espa\u00f1oles, se prev\u00e9 que la directiva del club asista en breve a registar a dichos jugadores ante la Real Federaci\u00f3n Espa\u00f1ola de Futbol (RFEF) a fin de que puedan ver acci\u00f3n en el pr\u00f3ximo partido oficial de los <em>Blaugranas.<\/em><\/p>\n<p>Este encuentro ser\u00e1 el 6 de enero en una edici\u00f3n m\u00e1s del Derbi catal\u00e1n contra el Espanyol, dentro de los octavos de final de la Copa del Rey.<\/p>\n<p style=\"text-align: center;\"><span style=\"color: #3366ff;\"><strong><a style=\"color: #3366ff;\" href=\"http:\/\/futboltotal.com.mx\/futbol-internacional\/\">LEER M\u00c1S: Todas las noticias de futbol internacional<\/a><\/strong><\/span><\/p>\n<p>Adem\u00e1s se prev\u00e9 que el club catal\u00e1n tramit\u00e9 el alta de por lo menos otros 76 jugadores de todas las categor\u00edas de sus fuerzas b\u00e1sicas desde juveniles hasta el equipo B.<\/p>\n<p>Un caso especial ser\u00e1 el del surcoreano Seung-woo Lee quien tendr\u00e1 que esperar hasta el mi\u00e9rcoles, d\u00eda que cumple 18 a\u00f1os de edad, para ser registrado con el equipo Juvenil A.<\/p>\n<p>Una denuncia de irregularidades en el fichaje de Lee deriv\u00f3 en una investigaci\u00f3n de la Federaci\u00f3n Internacional de Futbol Asociaci\u00f3n (FIFA) al club espa\u00f1ol por supuestas violaciones al reglamento de fichajes de menores.<\/p>\n","protected":false},"excerpt":{"rendered":"<p>Los Cul\u00e9s y alistan las incorporaciones de Arda y Vidal tras cumplir con la sanci\u00f3n de FIFA<\/p>\n","protected":false},"author":20,"featured_media":346287,"comment_status":"closed","ping_status":"closed","sticky":false,"template":"","format":"standard","meta":[],"categories":[1],"tags":[6661,6055,5984],"_links":{"self":[{"href":"http:\/\/desarrollo.grupomedios.com\/futbol\/wp-json\/wp\/v2\/posts\/346268"}],"collection":[{"href":"http:\/\/desarrollo.grupomedios.com\/futbol\/wp-json\/wp\/v2\/posts"}],"about":[{"href":"http:\/\/desarrollo.grupomedios.com\/futbol\/wp-json\/wp\/v2\/types\/post"}],"author":[{"embeddable":true,"href":"http:\/\/desarrollo.grupomedios.com\/futbol\/wp-json\/wp\/v2\/users\/20"}],"replies":[{"embeddable":true,"href":"http:\/\/desarrollo.grupomedios.com\/futbol\/wp-json\/wp\/v2\/comments?post=346268"}],"version-history":[{"count":0,"href":"http:\/\/desarrollo.grupomedios.com\/futbol\/wp-json\/wp\/v2\/posts\/346268\/revisions"}],"wp:featuredmedia":[{"embeddable":true,"href":"http:\/\/desarrollo.grupomedios.com\/futbol\/wp-json\/wp\/v2\/media\/346287"}],"wp:attachment":[{"href":"http:\/\/desarrollo.grupomedios.com\/futbol\/wp-json\/wp\/v2\/media?parent=346268"}],"wp:term":[{"taxonomy":"category","embeddable":true,"href":"http:\/\/desarrollo.grupomedios.com\/futbol\/wp-json\/wp\/v2\/categories?post=346268"},{"taxonomy":"post_tag","embeddable":true,"href":"http:\/\/desarrollo.grupomedios.com\/futbol\/wp-json\/wp\/v2\/tags?post=346268"}],"curies":[{"name":"wp","href":"https:\/\/api.w.org\/{rel}","templated":true}]}}