{"id":346309,"date":"2016-01-04T16:30:39","date_gmt":"2016-01-04T22:30:39","guid":{"rendered":"http:\/\/futboltotal.com.mx\/?p=346309"},"modified":"2016-01-04T16:30:39","modified_gmt":"2016-01-04T22:30:39","slug":"kranevitter-una-figura-mas-para-el-atletico-de-madrid","status":"publish","type":"post","link":"http:\/\/desarrollo.grupomedios.com\/futbol\/futbol-internacional\/kranevitter-una-figura-mas-para-el-atletico-de-madrid\/2016\/01","title":{"rendered":"Kranevitter, una figura m\u00e1s para el Atl\u00e9tico de Madrid"},"content":{"rendered":"<p>El acuerdo estaba pactado pero nada ser\u00eda oficial hasta el 4 de enero del 2016. <strong>Mat\u00edas Kranevitter<\/strong> se convirti\u00f3 este lunes\u00a0en el \u00faltimo refuerzo del <strong>Atl\u00e9tico de Madrid<\/strong>, un hombre m\u00e1s al estilo y gusto del <em>Cholo<\/em> Simeone.<\/p>\n<p>El argentino de 22 a\u00f1os fue\u00a0presentado con el\u00a0club rojiblanco y calific\u00f3 el reto como una &#8220;oportunidad \u00fanica&#8221; para \u00e9l, al tiempo que explic\u00f3 que ya se siente &#8220;capacitado&#8221; para entrar en competici\u00f3n con su nuevo equipo.<\/p>\n<blockquote class=\"twitter-tweet\" lang=\"es\">\n<p dir=\"ltr\" lang=\"es\">CON EL &#8216;8&#8217;, KRANEVITTER. As\u00ed vivi\u00f3 el argentino su primer d\u00eda como rojiblanco en el Calder\u00f3n. <a href=\"https:\/\/twitter.com\/hashtag\/BienvenidoKranevitter?src=hash\">#BienvenidoKranevitter<\/a> <a href=\"https:\/\/t.co\/sxhXSfq3Va\">https:\/\/t.co\/sxhXSfq3Va<\/a><\/p>\n<p>\u2014 Atl\u00e9tico de Madrid (@Atleti) <a href=\"https:\/\/twitter.com\/Atleti\/status\/684068835155050496\">enero 4, 2016<\/a><\/p><\/blockquote>\n<p><script src=\"\/\/platform.twitter.com\/widgets.js\" async=\"\" charset=\"utf-8\"><\/script><\/p>\n<p>&#8220;Estoy muy contento de poder estar ac\u00e1 en un club como este. Ten\u00eda muchas ganas de venir. Han pasado unos meses para poder estar ac\u00e1, pero agradecer el cari\u00f1o de la gente y c\u00f3mo se vive el f\u00fatbol ac\u00e1. Uno va a hacer el m\u00e1ximo por este club y por esta camiseta&#8221;, valor\u00f3 Kranevitter en su bienvenida con el Atl\u00e9tico de Madrid.<\/p>\n<p>&#8220;Desde el primer momento me decid\u00ed unir a este club. Es una oportunidad \u00fanica para m\u00ed, as\u00ed que aprovecharla al m\u00e1ximo&#8221;, a\u00f1adi\u00f3.<\/p>\n<p>Llega para fortalecer una plantilla que aspira a repetir el \u00e9xito de la temporada 2013-2014 en la que contra todo pron\u00f3stico se impuso en la carrera por el t\u00edtulo a Barcelona y Real Madrid. En el presente curso, justo en el ecuador, se mantiene como el mandam\u00e1s de la Liga Espa\u00f1ola y espera no bajarse de la cumbre, situaci\u00f3n que ratific\u00f3 el presidente de la entidad, Enrique Cerezo.<\/p>\n<p>&#8220;Competitividad interna, experiencia y juventud. Sobre estas bases queremos mejorar nuestra plantilla y afrontar todos los retos deportivos que tenemos por delante. Tambi\u00e9n nuestras miras est\u00e1n puestas en el futuro, en j\u00f3venes con proyecci\u00f3n que pueden crecer con jugadores de experiencia contrastada en el equipo&#8221;, declar\u00f3 Cerezo y a\u00f1adi\u00f3. &#8220;Su indudable talento, calidad y proyecci\u00f3n no pasaron desapercibidos para los ojeadores de nuestro club y el pasado verano alcanzamos un acuerdo para su traspaso a nuestro club&#8221;, sobre el mediocampista que usar\u00e1 la el\u00e1stica con el n\u00famero 8.<\/p>\n<p style=\"text-align: center;\"><strong><span style=\"color: #3366ff;\"><a style=\"color: #3366ff;\" href=\"http:\/\/futboltotal.com.mx\/2016\/01\/augusto-fernandez-el-fichaje-sonado-para-atletico-de-madrid\/\">LEER M\u00c1S: Augusto Fern\u00e1ndez, fichaje so\u00f1ado para Atl\u00e9tico de Madrid.<\/a><\/span><\/strong><\/p>\n","protected":false},"excerpt":{"rendered":"<p>El l\u00edder de la Liga Espa\u00f1ola present\u00f3 a su nuevo escudo para el medio campo <\/p>\n","protected":false},"author":20,"featured_media":346315,"comment_status":"closed","ping_status":"closed","sticky":false,"template":"","format":"standard","meta":[],"categories":[3839,3844,5951],"tags":[6007,6663],"_links":{"self":[{"href":"http:\/\/desarrollo.grupomedios.com\/futbol\/wp-json\/wp\/v2\/posts\/346309"}],"collection":[{"href":"http:\/\/desarrollo.grupomedios.com\/futbol\/wp-json\/wp\/v2\/posts"}],"about":[{"href":"http:\/\/desarrollo.grupomedios.com\/futbol\/wp-json\/wp\/v2\/types\/post"}],"author":[{"embeddable":true,"href":"http:\/\/desarrollo.grupomedios.com\/futbol\/wp-json\/wp\/v2\/users\/20"}],"replies":[{"embeddable":true,"href":"http:\/\/desarrollo.grupomedios.com\/futbol\/wp-json\/wp\/v2\/comments?post=346309"}],"version-history":[{"count":0,"href":"http:\/\/desarrollo.grupomedios.com\/futbol\/wp-json\/wp\/v2\/posts\/346309\/revisions"}],"wp:featuredmedia":[{"embeddable":true,"href":"http:\/\/desarrollo.grupomedios.com\/futbol\/wp-json\/wp\/v2\/media\/346315"}],"wp:attachment":[{"href":"http:\/\/desarrollo.grupomedios.com\/futbol\/wp-json\/wp\/v2\/media?parent=346309"}],"wp:term":[{"taxonomy":"category","embeddable":true,"href":"http:\/\/desarrollo.grupomedios.com\/futbol\/wp-json\/wp\/v2\/categories?post=346309"},{"taxonomy":"post_tag","embeddable":true,"href":"http:\/\/desarrollo.grupomedios.com\/futbol\/wp-json\/wp\/v2\/tags?post=346309"}],"curies":[{"name":"wp","href":"https:\/\/api.w.org\/{rel}","templated":true}]}}