{"id":346310,"date":"2016-01-04T17:09:38","date_gmt":"2016-01-04T23:09:38","guid":{"rendered":"http:\/\/futboltotal.com.mx\/?p=346310"},"modified":"2016-01-04T19:37:28","modified_gmt":"2016-01-05T01:37:28","slug":"santos-laguna-presenta-refuerzos-campana-y-nueva-playera","status":"publish","type":"post","link":"http:\/\/desarrollo.grupomedios.com\/futbol\/futbol-mexicano\/santos-laguna-presenta-refuerzos-campana-y-nueva-playera\/2016\/01","title":{"rendered":"Santos presenta refuerzos y nueva playera"},"content":{"rendered":"<p>El conjunto de <strong>Santos\u00a0Laguna<\/strong>, poco a poco se va alistando para lo que ser\u00e1 el inicio del Clausura 2016. El d\u00eda de hoy dieron a conocer a sus <strong>refuerzos<\/strong>, con los que encarar\u00e1n dicho certamen, una nueva <strong>campa\u00f1a<\/strong> publicitaria, y su nueva <strong>playera<\/strong>, con la cual buscar\u00e1n repetir el logro alcanzado en el primer semestre del 2015, el t\u00edtulo de Liga.<\/p>\n<p style=\"text-align: center;\"><strong><span style=\"color: #3366ff;\"><a style=\"color: #3366ff;\" href=\"http:\/\/futboltotal.com.mx\/2015\/12\/filtran-posible-uniforme-de-santos-laguna\/\">LEER M\u00c1S:\u00a0\u00a0Filtran posible uniforme de Santos Laguna<\/a><\/span><\/strong><\/p>\n<p>El equipo <em>albiverde<\/em>, en un evento denominado el D\u00eda del Abonado, desarrollado en el nuevo estadio Corona, present\u00f3 ante sus aficionados a los nuevos elementos del club; Diego De Buen, Mart\u00edn Bravo, Jorge Villafa\u00f1a y Ulises D\u00e1vila, adem\u00e1s de su nuevo entrenador, el t\u00e9cnico argentino Luis Zubeld\u00eda.<\/p>\n<blockquote class=\"twitter-tweet\" width=\"500\">\n<p lang=\"es\" dir=\"ltr\">Nuestros <a href=\"https:\/\/twitter.com\/hashtag\/AbonadosGuerreros?src=hash\">#AbonadosGuerreros<\/a> hacen entrega del <a href=\"https:\/\/twitter.com\/hashtag\/JerseyGuerrero?src=hash\">#JerseyGuerrero<\/a> a nuestros nuevos refuerzos. <a href=\"https:\/\/t.co\/qQFIaTFptL\">pic.twitter.com\/qQFIaTFptL<\/a><\/p>\n<p>&mdash; ClubSantosLaguna (@ClubSantos) <a href=\"https:\/\/twitter.com\/ClubSantos\/status\/684124103276498944\">January 4, 2016<\/a><\/p><\/blockquote>\n<p><script async src=\"\/\/platform.twitter.com\/widgets.js\" charset=\"utf-8\"><\/script><\/p>\n<p>De igual forma, dieron a conocer la nueva indumentaria, que fungir\u00e1 como tercer uniforme (y que ya se hab\u00eda filtrado en d\u00edas posteriores), adem\u00e1s de una nueva campa\u00f1a publicitaria, titulada \u201cHay un Santo en M\u00ed\u201d con la cual buscan acercarse a sus fan\u00e1ticos.<\/p>\n<blockquote class=\"twitter-tweet\" width=\"500\">\n<p lang=\"es\" dir=\"ltr\">Un verdadero Guerrero dar\u00e1 vida a esta nueva <a href=\"https:\/\/twitter.com\/hashtag\/PielGuerrera?src=hash\">#PielGuerrera<\/a> de <a href=\"https:\/\/twitter.com\/ClubSantos\">@ClubSantos<\/a> <a href=\"https:\/\/twitter.com\/hashtag\/ForeverFaster?src=hash\">#ForeverFaster<\/a> Ya a la venta <a href=\"https:\/\/twitter.com\/pumafootball\">@PUMAfootball<\/a> <a href=\"https:\/\/t.co\/4fO81i3CaL\">pic.twitter.com\/4fO81i3CaL<\/a><\/p>\n<p>&mdash; ClubSantosLaguna (@ClubSantos) <a href=\"https:\/\/twitter.com\/ClubSantos\/status\/684127229668757504\">January 4, 2016<\/a><\/p><\/blockquote>\n<p><script async src=\"\/\/platform.twitter.com\/widgets.js\" charset=\"utf-8\"><\/script><\/p>\n<p><iframe loading=\"lazy\" src=\"https:\/\/www.youtube.com\/embed\/sp79mO0vqNI?feature=oembed\" frameborder=\"0\" allowfullscreen><\/iframe><\/p>\n<p>El equipo tambi\u00e9n aprovech\u00f3 la presencia de sus seguidores en el Territorio Santos Modelo, para incluirlos dentro de la foto oficial del club.<\/p>\n<blockquote class=\"twitter-tweet\" width=\"500\">\n<p lang=\"es\" dir=\"ltr\"><a href=\"https:\/\/twitter.com\/hashtag\/Abonados?src=hash\">#Abonados<\/a> y Primer Equipo previo a la Fotografia Oficial <a href=\"https:\/\/t.co\/r0nDsakcko\">pic.twitter.com\/r0nDsakcko<\/a><\/p>\n<p>&mdash; ClubSantosLaguna (@ClubSantos) <a href=\"https:\/\/twitter.com\/ClubSantos\/status\/684134965873803264\">January 4, 2016<\/a><\/p><\/blockquote>\n<p><script async src=\"\/\/platform.twitter.com\/widgets.js\" charset=\"utf-8\"><\/script><\/p>\n<p><strong>Santos\u00a0Laguna<\/strong>, arrancar\u00e1 el Clausura 2016, el pr\u00f3ximo s\u00e1bado, enfrentando al conjunto de los <em>Esmeraldas<\/em> de Le\u00f3n, en punto de las 20:00 horas, en el Nou Camp.<\/p>\n","protected":false},"excerpt":{"rendered":"<p>El conjunto santista afina detalles, de cara al Clausura 2016<\/p>\n","protected":false},"author":20,"featured_media":346324,"comment_status":"closed","ping_status":"closed","sticky":false,"template":"","format":"standard","meta":[],"categories":[2198,3845,5950],"tags":[5339,6458,2175,5972,2844],"_links":{"self":[{"href":"http:\/\/desarrollo.grupomedios.com\/futbol\/wp-json\/wp\/v2\/posts\/346310"}],"collection":[{"href":"http:\/\/desarrollo.grupomedios.com\/futbol\/wp-json\/wp\/v2\/posts"}],"about":[{"href":"http:\/\/desarrollo.grupomedios.com\/futbol\/wp-json\/wp\/v2\/types\/post"}],"author":[{"embeddable":true,"href":"http:\/\/desarrollo.grupomedios.com\/futbol\/wp-json\/wp\/v2\/users\/20"}],"replies":[{"embeddable":true,"href":"http:\/\/desarrollo.grupomedios.com\/futbol\/wp-json\/wp\/v2\/comments?post=346310"}],"version-history":[{"count":0,"href":"http:\/\/desarrollo.grupomedios.com\/futbol\/wp-json\/wp\/v2\/posts\/346310\/revisions"}],"wp:featuredmedia":[{"embeddable":true,"href":"http:\/\/desarrollo.grupomedios.com\/futbol\/wp-json\/wp\/v2\/media\/346324"}],"wp:attachment":[{"href":"http:\/\/desarrollo.grupomedios.com\/futbol\/wp-json\/wp\/v2\/media?parent=346310"}],"wp:term":[{"taxonomy":"category","embeddable":true,"href":"http:\/\/desarrollo.grupomedios.com\/futbol\/wp-json\/wp\/v2\/categories?post=346310"},{"taxonomy":"post_tag","embeddable":true,"href":"http:\/\/desarrollo.grupomedios.com\/futbol\/wp-json\/wp\/v2\/tags?post=346310"}],"curies":[{"name":"wp","href":"https:\/\/api.w.org\/{rel}","templated":true}]}}