{"id":346329,"date":"2016-01-04T17:06:40","date_gmt":"2016-01-04T23:06:40","guid":{"rendered":"http:\/\/futboltotal.com.mx\/?p=346329"},"modified":"2016-01-04T17:06:40","modified_gmt":"2016-01-04T23:06:40","slug":"la-discusion-entre-cristiano-y-sergio-ramos","status":"publish","type":"post","link":"http:\/\/desarrollo.grupomedios.com\/futbol\/videos\/la-discusion-entre-cristiano-y-sergio-ramos\/2016\/01","title":{"rendered":"La discusi\u00f3n entre Cristiano y Sergio Ramos"},"content":{"rendered":"<p>El <strong>Real Madrid<\/strong> dominaba a placer el duelo ante el Valencia y a\u00fan as\u00ed <span style=\"color: #3366ff;\"><strong><a style=\"color: #3366ff;\" href=\"http:\/\/futboltotal.com.mx\/2016\/01\/real-madrid-arranca-con-el-pie-izquierdo\/\">no pudo hacerse con el triunfo (2-2)<\/a><\/strong><\/span>. Durante el choque llam\u00f3 poderosamente la atenci\u00f3n el enfrentamiento entre dos de los pesos pesados merengues, Cristiano y Sergio Ramos, que no estaban de acuerdo en la manera en que defend\u00edan la puerta de Keylor Navas con algunos reproches subidos de tono.<\/p>\n<p>No fue lo \u00fanico a resaltar en el choque del Real Madrid. Karim Benzema se disgust\u00f3 en exceso tras el cambio y ni siquiera volte\u00f3 a ver a Rafa Ben\u00edtez, afortunadamente para su persona, el estratega ya no le dar\u00e1 m\u00e1s instrucciones y a partir de este lunes,<strong><span style=\"color: #3366ff;\"> <a style=\"color: #3366ff;\" href=\"http:\/\/futboltotal.com.mx\/2016\/01\/rafa-benitez-cesado-del-real-madrid\/\">contar\u00e1 con un aliado en las instrucciones<\/a><\/span><\/strong>: Zinedine Zidane.<\/p>\n<p><iframe loading=\"lazy\" src=\"https:\/\/www.youtube.com\/embed\/M0BGqlb_FsE\" frameborder=\"0\" allowfullscreen=\"allowfullscreen\"><\/iframe><\/p>\n","protected":false},"excerpt":{"rendered":"<p>Los pesos pesados del Real Madrid discutieron fuerte en pleno partido <\/p>\n","protected":false},"author":20,"featured_media":346333,"comment_status":"closed","ping_status":"closed","sticky":false,"template":"","format":"standard","meta":[],"categories":[3839,3844,4],"tags":[6013,5988,6020,2215],"_links":{"self":[{"href":"http:\/\/desarrollo.grupomedios.com\/futbol\/wp-json\/wp\/v2\/posts\/346329"}],"collection":[{"href":"http:\/\/desarrollo.grupomedios.com\/futbol\/wp-json\/wp\/v2\/posts"}],"about":[{"href":"http:\/\/desarrollo.grupomedios.com\/futbol\/wp-json\/wp\/v2\/types\/post"}],"author":[{"embeddable":true,"href":"http:\/\/desarrollo.grupomedios.com\/futbol\/wp-json\/wp\/v2\/users\/20"}],"replies":[{"embeddable":true,"href":"http:\/\/desarrollo.grupomedios.com\/futbol\/wp-json\/wp\/v2\/comments?post=346329"}],"version-history":[{"count":0,"href":"http:\/\/desarrollo.grupomedios.com\/futbol\/wp-json\/wp\/v2\/posts\/346329\/revisions"}],"wp:featuredmedia":[{"embeddable":true,"href":"http:\/\/desarrollo.grupomedios.com\/futbol\/wp-json\/wp\/v2\/media\/346333"}],"wp:attachment":[{"href":"http:\/\/desarrollo.grupomedios.com\/futbol\/wp-json\/wp\/v2\/media?parent=346329"}],"wp:term":[{"taxonomy":"category","embeddable":true,"href":"http:\/\/desarrollo.grupomedios.com\/futbol\/wp-json\/wp\/v2\/categories?post=346329"},{"taxonomy":"post_tag","embeddable":true,"href":"http:\/\/desarrollo.grupomedios.com\/futbol\/wp-json\/wp\/v2\/tags?post=346329"}],"curies":[{"name":"wp","href":"https:\/\/api.w.org\/{rel}","templated":true}]}}