{"id":346339,"date":"2016-01-04T17:47:16","date_gmt":"2016-01-04T23:47:16","guid":{"rendered":"http:\/\/futboltotal.com.mx\/?p=346339"},"modified":"2016-01-04T17:47:32","modified_gmt":"2016-01-04T23:47:32","slug":"javier-cortes-no-me-llamo-javier-guemez","status":"publish","type":"post","link":"http:\/\/desarrollo.grupomedios.com\/futbol\/futbol-mexicano\/javier-cortes-no-me-llamo-javier-guemez\/2016\/01","title":{"rendered":"Javier Cort\u00e9s jam\u00e1s me llam\u00f3: G\u00fc\u00e9mez"},"content":{"rendered":"<p>En entrevista telef\u00f3nica, el futbolista del <strong><a href=\"http:\/\/www.futboltotal.com.mx\/equipos\/america\/\" target=\"_blank\">Am\u00e9rica<\/a><\/strong>, <strong>Javier G\u00fc\u00e9mez<\/strong>, habl\u00f3 po primera vez sobre la lesi\u00f3n que sufri\u00f3 durante la semifinal de vuelta ante <strong><a href=\"http:\/\/www.futboltotal.com.mx\/equipos\/unam\/\" target=\"_blank\">Pumas<\/a><\/strong>, que lo hizo perderse del Mundial de Clubes de diciembre de 2015.<\/p>\n<p><strong>Javier G\u00fc\u00e9mez<\/strong> explic\u00f3 que <strong>Javier Cort\u00e9s<\/strong> no entabl\u00f3 comunicaci\u00f3n con \u00e9l despu\u00e9s del incidente, pero no le guarda rencor, ya que no era obligaci\u00f3n del futbolista de <strong>Pumas<\/strong>, seg\u00fan declara el <em>azulcrema<\/em>: &#8220;No me llam\u00f3 y no lo hubiera esperado, es decisi\u00f3n de cada quien y es respetable&#8221;, se\u00f1al\u00f3 en una entrevista para la cadena <em>ESPN<\/em>.<\/p>\n<p>En cuanto a su recuperaci\u00f3n, <strong>Javier G\u00fc\u00e9mez<\/strong> revela que se perder\u00e1 pr\u00e1cticamente todo el Clausura 2016, pues el cuerpo m\u00e9dico del <strong>Am\u00e9rica<\/strong> estima que se rehabilitar\u00eda hasta mayo.<\/p>\n<p style=\"text-align: center;\"><span style=\"color: #3366ff;\"><strong><a style=\"color: #3366ff;\" href=\"http:\/\/futboltotal.com.mx\/2016\/01\/atipico-uniforme-del-america-en-su-ano-del-centenario\/\" target=\"_blank\">LEER M\u00c1S: Am\u00e9rica y su at\u00edpico uniforme rumbo a su centenario<\/a><\/strong><\/span><\/p>\n<p>&#8220;De acuerdo a los m\u00e9dicos, se espera que entre 3 y 4 meses est\u00e9 jugando de nuevo. No nos vamos a apresurar, cuando me sienta listo f\u00edsicamente entonces regresar\u00e9, no antes&#8221;, explic\u00f3 <strong>Javier G\u00fc\u00e9mez<\/strong>.<\/p>\n<p>Finalmente, <strong>Javier G\u00fc\u00e9mez<\/strong> comparti\u00f3 su sentir, sobre el d\u00eda de la lesi\u00f3n, que le impidi\u00f3 terminar el partido y viajar a Jap\u00f3n, pues explic\u00f3 el orden de frustraciones que sinti\u00f3 tras el incidente. &#8220;Primero fue salir del partido, sin saber que estaba fracturado, salir de ese juego me doli\u00f3 mucho. Despu\u00e9s, perderme el Mundial de Clubes&#8221;, puntualiz\u00f3.<\/p>\n","protected":false},"excerpt":{"rendered":"<p>El futbolista del Am\u00e9rica, tardar\u00e1 de tres a cuatro meses en recuperarse<\/p>\n","protected":false},"author":20,"featured_media":346346,"comment_status":"closed","ping_status":"closed","sticky":false,"template":"","format":"standard","meta":[],"categories":[2198,3845,5950],"tags":[5959,5571],"_links":{"self":[{"href":"http:\/\/desarrollo.grupomedios.com\/futbol\/wp-json\/wp\/v2\/posts\/346339"}],"collection":[{"href":"http:\/\/desarrollo.grupomedios.com\/futbol\/wp-json\/wp\/v2\/posts"}],"about":[{"href":"http:\/\/desarrollo.grupomedios.com\/futbol\/wp-json\/wp\/v2\/types\/post"}],"author":[{"embeddable":true,"href":"http:\/\/desarrollo.grupomedios.com\/futbol\/wp-json\/wp\/v2\/users\/20"}],"replies":[{"embeddable":true,"href":"http:\/\/desarrollo.grupomedios.com\/futbol\/wp-json\/wp\/v2\/comments?post=346339"}],"version-history":[{"count":0,"href":"http:\/\/desarrollo.grupomedios.com\/futbol\/wp-json\/wp\/v2\/posts\/346339\/revisions"}],"wp:featuredmedia":[{"embeddable":true,"href":"http:\/\/desarrollo.grupomedios.com\/futbol\/wp-json\/wp\/v2\/media\/346346"}],"wp:attachment":[{"href":"http:\/\/desarrollo.grupomedios.com\/futbol\/wp-json\/wp\/v2\/media?parent=346339"}],"wp:term":[{"taxonomy":"category","embeddable":true,"href":"http:\/\/desarrollo.grupomedios.com\/futbol\/wp-json\/wp\/v2\/categories?post=346339"},{"taxonomy":"post_tag","embeddable":true,"href":"http:\/\/desarrollo.grupomedios.com\/futbol\/wp-json\/wp\/v2\/tags?post=346339"}],"curies":[{"name":"wp","href":"https:\/\/api.w.org\/{rel}","templated":true}]}}