{"id":346495,"date":"2016-01-06T00:05:39","date_gmt":"2016-01-06T06:05:39","guid":{"rendered":"http:\/\/futboltotal.com.mx\/?p=346495"},"modified":"2016-01-05T16:06:03","modified_gmt":"2016-01-05T22:06:03","slug":"las-5-mejores-contrataciones-en-europa-del-2015","status":"publish","type":"post","link":"http:\/\/desarrollo.grupomedios.com\/futbol\/destacado-home\/las-5-mejores-contrataciones-en-europa-del-2015\/2016\/01","title":{"rendered":"Las 5 mejores contrataciones en Europa del 2015"},"content":{"rendered":"<p><span style=\"color: #000000;\">Para <strong>Chicharito<\/strong> no hay barrera imposible de quebrar. Su confianza es asombrosa y pese a que todos visualizaban su traspaso al Bayer Leverkusen como un retroceso en su carrera, el vertiginoso atacante ha hecho caso omiso a las cr\u00edticas y se ha ubicado como \u00eddolo de la Bundesliga.<\/span><\/p>\n<p><span style=\"color: #000000;\">Su periplo en Alemania es m\u00e1s fant\u00e1stico de lo que imagin\u00f3 en principio <em>Kleine Erbse, <\/em>como se conoce por aquellas tierras a los diminutos guisantes, asombrando con su fe inquebrantable de cara al arco en camino a firmar su mejor cuota goleadora en su brillante trayectoria. As\u00ed como el killer azteca, otros cuantos refuerzos veraniegos encendieron motores tan pronto como fueron presentados en su nuevo club y su rendimiento los encapsul\u00f3 entre las\u00a0<strong>cinco mejores contrataciones en Europa del 2015.\u00a0<\/strong><\/span><\/p>\n<p><strong><span style=\"color: #ff0000;\">Javier Chicharito Hern\u00e1ndez |<\/span><\/strong><span style=\"color: #000000;\">\u00a0&#8220;La Bundesliga es muy ofensiva, y eso es muy atractivo para m\u00ed&#8221;, palabras que regal\u00f3 el mexicano tan pronto como conoci\u00f3 la BayArena.\u00a0&#8220;El Bayer 04 representa una nueva oportunidad para m\u00ed. Y vine aqu\u00ed porque quiero ganar&#8221;, y vaya que Chicharito ha logrado su cometido en su primer semestre con las <em>Aspirinas<\/em>, convirti\u00e9ndose en el delantero con m\u00e1s minutos en la plantilla\u00a0y, \u00a0por encima de todas las cosas, en un goleador con n\u00fameros de ensue\u00f1o.\u00a0<\/span><\/p>\n<p><span style=\"color: #000000;\">Chicharito, en su historial con el Leverkusen acumula 22 encuentros. Durante ese viaje acumula dos asistencias y por raro que parezca, suma casi un gol por encuentro, con 19 festejos efectuados. Esas estad\u00edsticas le valieron el premio a mejor futbolista de la Bundesliga en meses consecutivos, noviembre y diciembre. \u00a0<\/span><\/p>\n<p><a href=\"http:\/\/futboltotal.com.mx\/wp-content\/uploads\/2016\/01\/Chicharito-entre-los-mejores-fichajes-.jpg\"><img decoding=\"async\" loading=\"lazy\" class=\"alignnone size-full wp-image-346506\" src=\"http:\/\/futboltotal.com.mx\/wp-content\/uploads\/2016\/01\/Chicharito-entre-los-mejores-fichajes-.jpg\" alt=\"Chicharito, entre los mejores fichajes\" srcset=\"http:\/\/desarrollo.grupomedios.com\/futbol\/wp-content\/uploads\/2016\/01\/Chicharito-entre-los-mejores-fichajes-.jpg 820w, http:\/\/desarrollo.grupomedios.com\/futbol\/wp-content\/uploads\/2016\/01\/Chicharito-entre-los-mejores-fichajes--300x133.jpg 300w\" sizes=\"(max-width: 820px) 100vw, 820px\" \/><\/a><\/p>\n<p><strong><span style=\"color: #ff0000;\">Paulo Dybala |<\/span><\/strong><span style=\"color: #000000;\">El atacante argentino lleg\u00f3 como refuerzo a la Juventus, equipo que busca su quinto Scudetto en fila, nada m\u00e1s y nada menos que para cubrir la baja de su connacional, Carlos T\u00e9vez. El <em>Apache<\/em> firm\u00f3 una temporada espectacular \u00a0y dej\u00f3 a la <em>Vechia Signora<\/em> al borde del triplete. <\/span><\/p>\n<p><span style=\"color: #000000;\">Esa baja y otras tantas dificultaron a Allegri y a la Juventus el arranque, pero tan pronto como el Paulo se gan\u00f3 un lugar en el once de gala, todo mut\u00f3.\u00a0&#8220;Tiene una gran capacidad de aprendizaje, es una esponja, basta con mirarle a los ojos, est\u00e1 tremendamente concentrado, tiene mirada de killer, le ves que quiere conseguir su objetivo&#8221;, revela el t\u00e9cnico sobre Dybala que en Serie A se ha mostrado como el prodigio que siempre ilusion\u00f3: ocho\u00a0goles y cuatro asistencias en 16 partidos, encaminando a la Juve a un salto enorme, de rozar los puestos del descenso al cuarto escal\u00f3n, a solo tres unidades del l\u00edder, Inter.\u00a0<\/span><\/p>\n<p><a href=\"http:\/\/futboltotal.com.mx\/wp-content\/uploads\/2016\/01\/Dybala-entre-las-mejores-compras-.jpg\"><img decoding=\"async\" loading=\"lazy\" class=\"alignnone size-full wp-image-346507\" src=\"http:\/\/futboltotal.com.mx\/wp-content\/uploads\/2016\/01\/Dybala-entre-las-mejores-compras-.jpg\" alt=\"Dybala, entre las mejores compras\" srcset=\"http:\/\/desarrollo.grupomedios.com\/futbol\/wp-content\/uploads\/2016\/01\/Dybala-entre-las-mejores-compras-.jpg 820w, http:\/\/desarrollo.grupomedios.com\/futbol\/wp-content\/uploads\/2016\/01\/Dybala-entre-las-mejores-compras--300x128.jpg 300w\" sizes=\"(max-width: 820px) 100vw, 820px\" \/><\/a><\/p>\n<p><strong><span style=\"color: #ff0000;\">Jeison Murillo | <\/span><\/strong><span style=\"color: #000000;\">El colombiano de 23 a\u00f1os era casi un desconocido para el planeta futbol al finalizar el curso anterior. Ya en la\u00a0Copa Am\u00e9rica, Jeison se rob\u00f3 las miradas de los principales scouts y decidi\u00f3 emprender una aventura con el Inter. Un semestre despu\u00e9s la entidad neroazurri goza de un defensa de polendas que cost\u00f3 solo 8 millones de euros y que ha conformado junto a Miranda, una dupla de centrales majestuosa como pilares de la defensa menos goleada del l\u00edder de la Serie A, solo 11 goles han recibido los pupilos de Mancini en 17 duelos. <\/span><\/p>\n<p>Tan deslumbrante es su presente que en Espa\u00f1a lo quieren de regreso. No son clubes menores, Barcelona y Real Madrid han mandado a su visores.\u00a0&#8220;Me parece bueno que se hable de eso, pero yo soy un profesional y respeto mucho la camiseta que tengo puesta ahora \u00a0y lo har\u00e9 hasta la \u00faltima gota de sudor&#8221;, se\u00f1ala Murillo, que antes de partir espera junto al\u00a0Inter, romper la hegemon\u00eda de la Juventus.<\/p>\n<p><a href=\"http:\/\/futboltotal.com.mx\/wp-content\/uploads\/2016\/01\/Jeison-Murillo-.jpg\"><img decoding=\"async\" loading=\"lazy\" class=\"alignnone size-full wp-image-346508\" src=\"http:\/\/futboltotal.com.mx\/wp-content\/uploads\/2016\/01\/Jeison-Murillo-.jpg\" alt=\"Jeison Murillo\" srcset=\"http:\/\/desarrollo.grupomedios.com\/futbol\/wp-content\/uploads\/2016\/01\/Jeison-Murillo-.jpg 820w, http:\/\/desarrollo.grupomedios.com\/futbol\/wp-content\/uploads\/2016\/01\/Jeison-Murillo--300x136.jpg 300w\" sizes=\"(max-width: 820px) 100vw, 820px\" \/><\/a><\/p>\n<p><strong><span style=\"color: #ff0000;\">Jes\u00fas Tecatito Corona | <\/span><\/strong><span style=\"color: #ff0000;\"><span style=\"color: #000000;\">En un santiam\u00e9n se convirti\u00f3 en el mejor goleador del equipo, igualado en tantos con el encargado de los festejos, Vincent Aboubakar (6). Sobre el cierre del mercado de verano se cerr\u00f3 su compra con el Porto y el sonorense, fue claro\u00a0al describir su estilo de juego.\u00a0\u201cSoy un jugador atrevido\u201d.\u00a0<\/span><\/span><\/p>\n<p><span style=\"color: #000000;\">Los primeros meses con los <em>Dragones<\/em> han ratificado su frase. Tecatito es el\u00e9ctrico y vertiginoso sin importar el sector por el que se desenvuelva. Porto pag\u00f3 10. 5 milones de euros por su talento y de seguir as\u00ed, pronto obtendr\u00e1 much\u00edsimos dividendos para su inversi\u00f3n.\u00a0<\/span><\/p>\n<p><a href=\"http:\/\/futboltotal.com.mx\/wp-content\/uploads\/2016\/01\/Tecatito-Corona-.jpg\"><img decoding=\"async\" loading=\"lazy\" class=\"alignnone size-full wp-image-346509\" src=\"http:\/\/futboltotal.com.mx\/wp-content\/uploads\/2016\/01\/Tecatito-Corona-.jpg\" alt=\"Tecatito Corona\" srcset=\"http:\/\/desarrollo.grupomedios.com\/futbol\/wp-content\/uploads\/2016\/01\/Tecatito-Corona-.jpg 820w, http:\/\/desarrollo.grupomedios.com\/futbol\/wp-content\/uploads\/2016\/01\/Tecatito-Corona--300x130.jpg 300w\" sizes=\"(max-width: 820px) 100vw, 820px\" \/><\/a><\/p>\n<p><strong><span style=\"color: #ff0000;\">Arturo Vidal | <\/span><\/strong><span style=\"color: #000000;\">En el equipo de ensue\u00f1o de Pep Guardiola, el Rey Arturo se ha convertido como una pieza fundamental. Siempre incansable, Vidal no solo roba y cede balones con peligro, tambi\u00e9n pone su sello con goles en la m\u00e1quina m\u00e1s temible de la Bundesliga. 3 goles suma en 25 partidos con seis asistencias durante el trayecto.\u00a0<\/span><\/p>\n<p><span style=\"color: #000000;\">\u201cEst\u00e1 cada vez mejor, no es un jugador para reservar, fue solamente una decisi\u00f3n que tome en el partido. Me encanta trabajar con \u00e9l, y su reacci\u00f3n despu\u00e9s del encuentro, ayer cuando entren\u00f3, con eso me basta\u201d, dijo Guardiola cuando fue criticado por relevar al chileno.<\/span><\/p>\n<p><strong><span style=\"color: #ff0000;\"><a href=\"http:\/\/futboltotal.com.mx\/wp-content\/uploads\/2016\/01\/Arturo-Vidal-.jpg\"><img decoding=\"async\" loading=\"lazy\" class=\"alignnone size-full wp-image-346510\" src=\"http:\/\/futboltotal.com.mx\/wp-content\/uploads\/2016\/01\/Arturo-Vidal-.jpg\" alt=\"Arturo Vidal\" srcset=\"http:\/\/desarrollo.grupomedios.com\/futbol\/wp-content\/uploads\/2016\/01\/Arturo-Vidal-.jpg 820w, http:\/\/desarrollo.grupomedios.com\/futbol\/wp-content\/uploads\/2016\/01\/Arturo-Vidal--300x137.jpg 300w\" sizes=\"(max-width: 820px) 100vw, 820px\" \/><\/a><\/span><\/strong><\/p>\n<p style=\"text-align: center;\"><strong><span style=\"color: #3366ff;\"><a style=\"color: #3366ff;\" href=\"http:\/\/futboltotal.com.mx\/2016\/01\/las-5-peores-contrataciones-en-europa-del-2015\/\">LEER M\u00c1S: Las cinco peores contrataciones en Europa en 2015.<\/a><\/span><\/strong><\/p>\n<p>&nbsp;<\/p>\n","protected":false},"excerpt":{"rendered":"<p>Dos mexicanos aparecen en el cat\u00e1logo de los futbolistas m\u00e1s rendidores tras un semestre <\/p>\n","protected":false},"author":20,"featured_media":346496,"comment_status":"closed","ping_status":"closed","sticky":false,"template":"","format":"standard","meta":[],"categories":[5,3839],"tags":[2962,120,6668,5691,3770,6669],"_links":{"self":[{"href":"http:\/\/desarrollo.grupomedios.com\/futbol\/wp-json\/wp\/v2\/posts\/346495"}],"collection":[{"href":"http:\/\/desarrollo.grupomedios.com\/futbol\/wp-json\/wp\/v2\/posts"}],"about":[{"href":"http:\/\/desarrollo.grupomedios.com\/futbol\/wp-json\/wp\/v2\/types\/post"}],"author":[{"embeddable":true,"href":"http:\/\/desarrollo.grupomedios.com\/futbol\/wp-json\/wp\/v2\/users\/20"}],"replies":[{"embeddable":true,"href":"http:\/\/desarrollo.grupomedios.com\/futbol\/wp-json\/wp\/v2\/comments?post=346495"}],"version-history":[{"count":0,"href":"http:\/\/desarrollo.grupomedios.com\/futbol\/wp-json\/wp\/v2\/posts\/346495\/revisions"}],"wp:featuredmedia":[{"embeddable":true,"href":"http:\/\/desarrollo.grupomedios.com\/futbol\/wp-json\/wp\/v2\/media\/346496"}],"wp:attachment":[{"href":"http:\/\/desarrollo.grupomedios.com\/futbol\/wp-json\/wp\/v2\/media?parent=346495"}],"wp:term":[{"taxonomy":"category","embeddable":true,"href":"http:\/\/desarrollo.grupomedios.com\/futbol\/wp-json\/wp\/v2\/categories?post=346495"},{"taxonomy":"post_tag","embeddable":true,"href":"http:\/\/desarrollo.grupomedios.com\/futbol\/wp-json\/wp\/v2\/tags?post=346495"}],"curies":[{"name":"wp","href":"https:\/\/api.w.org\/{rel}","templated":true}]}}