{"id":346578,"date":"2016-01-05T18:03:02","date_gmt":"2016-01-06T00:03:02","guid":{"rendered":"http:\/\/futboltotal.com.mx\/?p=346578"},"modified":"2016-01-07T12:00:30","modified_gmt":"2016-01-07T18:00:30","slug":"el-simpatico-senor-van-gaal","status":"publish","type":"post","link":"http:\/\/desarrollo.grupomedios.com\/futbol\/futbol-internacional\/el-simpatico-senor-van-gaal\/2016\/01","title":{"rendered":"El simp\u00e1tico se\u00f1or Van Gaal"},"content":{"rendered":"<p>El \u00e9xito de la trayectoria de <strong>Louis van Gaal<\/strong>, actual\u00a0entrenador\u00a0del <strong>Manchester United<\/strong>,\u00a0como t\u00e9cnico es indiscutible: ha sido campe\u00f3n de liga en tres pa\u00edses (en Holanda, con Ajax y AZ; en Espa\u00f1a, con el Barcelona; y en Alemania, con el Bayern M\u00fanich) y conquist\u00f3 una Champions con el Ajax, adem\u00e1s de otras copas y trofeos internacionales.<\/p>\n<p>Sin embargo, las relaciones interpersonales nunca han sido su fuerte. Ha tenido roces con algunos de sus dirigidos, choques con colegas y hasta enfrentamientos con la prensa.<\/p>\n<p>Aqu\u00ed revisamos algunos de los desencuentros que han existido en la carrera del holand\u00e9s.<\/p>\n<p style=\"text-align: center;\"><span style=\"color: #3366ff;\"><strong><a style=\"color: #3366ff;\" href=\"http:\/\/futboltotal.com.mx\/2016\/01\/chicharito-es-intransferible-para-cualquier-equipo\/\">LEER M\u00c1S: Chicharito es intransferible<\/a><\/strong><\/span><\/p>\n<p><span style=\"color: #ff0000;\">Johan Cruyff<\/span>\u00a0| El legendario 14 era la estrella del Ajax y Louis aspiraba a ocupar su sitio, algo que no sucedi\u00f3. A\u00f1os m\u00e1s tarde, <strong>Van Gaal<\/strong> sucedi\u00f3 a Cruyff como t\u00e9cnico del Ajax y aunque eventualmente triunf\u00f3, al principio tuvo que enfrentarse a los gritos de la grada, que ped\u00edan de vuelta a su \u00eddolo.<\/p>\n<p>Aunque ambos fueron campeones dirigiendo al Barcelona, Louis nunca pudo igualar los \u00e9xitos de su rival. Eso s\u00ed, tom\u00f3 revancha cuando fue nombrado t\u00e9cnico de Holanda por primera vez, en 2000: Cruyff hab\u00eda propuesto a la Federaci\u00f3n de su pa\u00eds un plan de desarrollo y en cuanto Louis lleg\u00f3, borr\u00f3 por completo las propuestas de su oponente. \u201c<strong>Van Gaal<\/strong> tiene una buena visi\u00f3n del futbol, pero no la comparto. Tiene una forma militar de trabajar la t\u00e1ctica y yo no: yo quiero jugadores que piensen\u201d, explic\u00f3 alguna vez Cruyff y ha asegurado que entre ellos \u201chay mala qu\u00edmica\u201d.<\/p>\n<p><a href=\"http:\/\/futboltotal.com.mx\/wp-content\/uploads\/2016\/01\/johan-cruyff-van-gaal.jpg\"><img decoding=\"async\" loading=\"lazy\" class=\"aligncenter size-full wp-image-346583\" src=\"http:\/\/futboltotal.com.mx\/wp-content\/uploads\/2016\/01\/johan-cruyff-van-gaal.jpg\" alt=\"johan-cruyff-van-gaal\" srcset=\"http:\/\/desarrollo.grupomedios.com\/futbol\/wp-content\/uploads\/2016\/01\/johan-cruyff-van-gaal.jpg 820w, http:\/\/desarrollo.grupomedios.com\/futbol\/wp-content\/uploads\/2016\/01\/johan-cruyff-van-gaal-300x128.jpg 300w\" sizes=\"(max-width: 820px) 100vw, 820px\" \/><\/a><\/p>\n<p><span style=\"color: #ff0000;\">Hristo Stoitchkov<\/span>\u00a0| El b\u00falgaro fue dirigido por <strong>Louis van Gaal<\/strong> en el Barcelona y de aquella \u00e9poca no qued\u00f3 una buena relaci\u00f3n. Una prueba es que en agosto de 2015, cuando se rumoraba que el t\u00e9cnico del Manchester United quer\u00eda fichar a Pedro -entonces a\u00fan con el <em>Bar\u00e7a<\/em>-, Hristo declar\u00f3: \u201cSi Pedro se va ah\u00ed, se acab\u00f3 lo de ser futbolista. Ojal\u00e1 me escuche, porque <strong>Van Gaal<\/strong> est\u00e1 destrozando a todos los jugadores porque es mediocre y mala persona\u201d. El entrenador se limit\u00f3 a responder: \u201csiempre considero quien dice las cosas y en este caso s\u00e9 por qu\u00e9 lo hace: \u00e9l fue uno de los jugadores que ech\u00e9 del Barcelona, por eso lo hace\u201d.<\/p>\n<p><a href=\"http:\/\/futboltotal.com.mx\/wp-content\/uploads\/2016\/01\/Hristo-Stoitchkov-Louis-van-Gaal.jpg\"><img decoding=\"async\" loading=\"lazy\" class=\"aligncenter size-full wp-image-346588\" src=\"http:\/\/futboltotal.com.mx\/wp-content\/uploads\/2016\/01\/Hristo-Stoitchkov-Louis-van-Gaal.jpg\" alt=\"Hristo-Stoitchkov-Louis-van-Gaal\" srcset=\"http:\/\/desarrollo.grupomedios.com\/futbol\/wp-content\/uploads\/2016\/01\/Hristo-Stoitchkov-Louis-van-Gaal.jpg 820w, http:\/\/desarrollo.grupomedios.com\/futbol\/wp-content\/uploads\/2016\/01\/Hristo-Stoitchkov-Louis-van-Gaal-300x128.jpg 300w\" sizes=\"(max-width: 820px) 100vw, 820px\" \/><\/a><\/p>\n<p style=\"text-align: center;\"><span style=\"color: #3366ff;\"><strong><a style=\"color: #3366ff;\" href=\"http:\/\/futboltotal.com.mx\/2016\/01\/van-gaal-admite-que-no-debio-correr-al-chicharito\/\">LEER M\u00c1S: Van Gaal, arrepentido de haber sacado al Chicharito<\/a><\/strong><\/span><\/p>\n<p><span style=\"color: #ff0000;\">La prensa<\/span> |\u00a0Cuando se preparaba para enfrentar el Mundial de 2014 con Holanda, corr\u00edan los rumores de que, despu\u00e9s de la Copa, llegar\u00eda al Manchester United. Cuando un reportero le pregunt\u00f3 qu\u00e9 sab\u00eda acerca de los <em>Red Devils<\/em>, don Louis hizo gala de su amabilidad y le respondi\u00f3 con un seco: \u201cEsa es una pregunta est\u00fapida, es el club m\u00e1s grande del mundo\u201d.<\/p>\n<p>Su mala relaci\u00f3n con los medios no es reciente. Cuando dirig\u00eda a los <em>Cul\u00e9s<\/em>, sus relaciones con la prensa fueron tensas, por decir lo menos. Durante su primera \u00e9poca en el club, acus\u00f3: \u201cLa prensa hace mi trabajo muy dif\u00edcil\u201d. Y en una conferencias en su segunda etapa, estall\u00f3 tras un cuestionamiento y le grit\u00f3 a un reportero: \u201c\u00a1Eres muy malo! \u00bfTu interpretaci\u00f3n es siempre negativa, nunca positiva!\u201d.<\/p>\n<p><iframe loading=\"lazy\" src=\"https:\/\/www.youtube.com\/embed\/do5-ZNVjZPY?feature=oembed\" frameborder=\"0\" allowfullscreen><\/iframe><\/p>\n<p style=\"text-align: center;\"><strong><span style=\"color: #3366ff;\"><a style=\"color: #3366ff;\" href=\"http:\/\/futboltotal.com.mx\/2016\/01\/los-delanteros-que-anhela-van-gaal-para-el-manchester-united\/\">LEER M\u00c1S: Los delanteros que anhela Van Gaal para el United<\/a><\/span><\/strong><\/p>\n<p><span style=\"color: #ff0000;\">Luca Toni<\/span> |\u00a0El italiano lleg\u00f3 al Bayern M\u00fanich en 2007 y esa temporada fue el mejor anotador del equipo, con 24 goles en 31 juegos de liga. Pero su actividad disminuy\u00f3 dr\u00e1sticamente cuando <strong>Van Gaal<\/strong> lleg\u00f3, en 2009, y solo particip\u00f3 en cuatro partidos con el holand\u00e9s.<\/p>\n<p>\u201cSimplemente no quer\u00eda trabajar conmigo, trata a los jugadores como objetos intercambiables\u201d, asegur\u00f3 Toni un par de a\u00f1os m\u00e1s tarde, cuando ya hab\u00eda dejado a los <em>b\u00e1varos<\/em>. La tensi\u00f3n con el t\u00e9cnico lleg\u00f3 a un grado extremo cuando, de acuerdo con Luca, el DT asegur\u00f3 a sus jugadores que pod\u00eda hacer lo que quisiera con el equipo porque ten\u00eda \u201clas pelotas\u201d. \u201cPara demostrarlo literalmente se baj\u00f3 los pantalones. Fue una locura total\u201d, asegura el delantero, quien tuvo un consuelo: \u201cPor suerte no vi mucho porque no estaba hasta el frente\u201d.<\/p>\n<p><a href=\"http:\/\/futboltotal.com.mx\/wp-content\/uploads\/2016\/01\/Van-Gaal-Luca-Toni.jpg\"><img decoding=\"async\" loading=\"lazy\" class=\"aligncenter size-full wp-image-346593\" src=\"http:\/\/futboltotal.com.mx\/wp-content\/uploads\/2016\/01\/Van-Gaal-Luca-Toni.jpg\" alt=\"Van-Gaal-Luca-Toni\" srcset=\"http:\/\/desarrollo.grupomedios.com\/futbol\/wp-content\/uploads\/2016\/01\/Van-Gaal-Luca-Toni.jpg 820w, http:\/\/desarrollo.grupomedios.com\/futbol\/wp-content\/uploads\/2016\/01\/Van-Gaal-Luca-Toni-300x128.jpg 300w\" sizes=\"(max-width: 820px) 100vw, 820px\" \/><\/a><\/p>\n<p><span style=\"color: #ff0000;\">Franck Rib\u00e9ry<\/span> |\u00a0El atacante franc\u00e9s estuvo a las \u00f3rdenes de <strong>Louis van Gaal<\/strong> en el Bayern. Y aunque con \u00e9l gan\u00f3 el doblete liga-copa, no guarda buenos recuerdos de su ex t\u00e9cnico: \u201cTuvimos problemas en el aspecto humano. La relaci\u00f3n estuvo envenenada desde el principio, nos dijo que no le importaban los nombres\u201d. Rib\u00e9ry reconoce la capacidad como estratega de <strong>Van Gaal<\/strong>, pero no opina bien de \u00e9l en lo personal: \u201cHace grandes cosas en la cancha pero es un mal hombre\u201d.<\/p>\n<p><a href=\"http:\/\/futboltotal.com.mx\/wp-content\/uploads\/2016\/01\/Ribery-van-Gaal.jpg\"><img decoding=\"async\" loading=\"lazy\" class=\"aligncenter size-full wp-image-346596\" src=\"http:\/\/futboltotal.com.mx\/wp-content\/uploads\/2016\/01\/Ribery-van-Gaal.jpg\" alt=\"Ribery-van-Gaal\" srcset=\"http:\/\/desarrollo.grupomedios.com\/futbol\/wp-content\/uploads\/2016\/01\/Ribery-van-Gaal.jpg 820w, http:\/\/desarrollo.grupomedios.com\/futbol\/wp-content\/uploads\/2016\/01\/Ribery-van-Gaal-300x128.jpg 300w\" sizes=\"(max-width: 820px) 100vw, 820px\" \/><\/a><\/p>\n","protected":false},"excerpt":{"rendered":"<p>Desencuentros que ha tenido el pol\u00e9mico DT holand\u00e9s<\/p>\n","protected":false},"author":20,"featured_media":346600,"comment_status":"closed","ping_status":"closed","sticky":false,"template":"","format":"standard","meta":[],"categories":[3839,3846,5951],"tags":[43,5198],"_links":{"self":[{"href":"http:\/\/desarrollo.grupomedios.com\/futbol\/wp-json\/wp\/v2\/posts\/346578"}],"collection":[{"href":"http:\/\/desarrollo.grupomedios.com\/futbol\/wp-json\/wp\/v2\/posts"}],"about":[{"href":"http:\/\/desarrollo.grupomedios.com\/futbol\/wp-json\/wp\/v2\/types\/post"}],"author":[{"embeddable":true,"href":"http:\/\/desarrollo.grupomedios.com\/futbol\/wp-json\/wp\/v2\/users\/20"}],"replies":[{"embeddable":true,"href":"http:\/\/desarrollo.grupomedios.com\/futbol\/wp-json\/wp\/v2\/comments?post=346578"}],"version-history":[{"count":0,"href":"http:\/\/desarrollo.grupomedios.com\/futbol\/wp-json\/wp\/v2\/posts\/346578\/revisions"}],"wp:featuredmedia":[{"embeddable":true,"href":"http:\/\/desarrollo.grupomedios.com\/futbol\/wp-json\/wp\/v2\/media\/346600"}],"wp:attachment":[{"href":"http:\/\/desarrollo.grupomedios.com\/futbol\/wp-json\/wp\/v2\/media?parent=346578"}],"wp:term":[{"taxonomy":"category","embeddable":true,"href":"http:\/\/desarrollo.grupomedios.com\/futbol\/wp-json\/wp\/v2\/categories?post=346578"},{"taxonomy":"post_tag","embeddable":true,"href":"http:\/\/desarrollo.grupomedios.com\/futbol\/wp-json\/wp\/v2\/tags?post=346578"}],"curies":[{"name":"wp","href":"https:\/\/api.w.org\/{rel}","templated":true}]}}