{"id":346646,"date":"2016-01-06T11:17:07","date_gmt":"2016-01-06T17:17:07","guid":{"rendered":"http:\/\/futboltotal.com.mx\/?p=346646"},"modified":"2016-01-06T11:17:23","modified_gmt":"2016-01-06T17:17:23","slug":"la-primera-exigencia-de-guardiola-al-manchester-city","status":"publish","type":"post","link":"http:\/\/desarrollo.grupomedios.com\/futbol\/futbol-internacional\/la-primera-exigencia-de-guardiola-al-manchester-city\/2016\/01","title":{"rendered":"\u00bfGuardiola pide a Messi para el Manchester City?"},"content":{"rendered":"<p>Un d\u00eda despu\u00e9s de que <strong>Josep Guardiola<\/strong> confirmar\u00e1 que dejar\u00e1 al Bayern M\u00fanich para entrenar en la Premier League, la prensa inglesa revel\u00f3 que el pr\u00f3ximo destino del entrenador espa\u00f1ol ser\u00eda el Manchester City e incluso habr\u00eda tenido una reuni\u00f3n con la directiva en la que pregunt\u00f3 si en alg\u00fan momento habr\u00eda posibbilidades de fichar a <strong>Lionel Messi.<\/strong><\/p>\n<p>A pesar de que <strong>Guardiola<\/strong> insiti\u00f3 en que no ha firmado con ning\u00fan club, el diario ingl\u00e9s <em>Daily Express <\/em>destapa que el City encabeza la lista de posibles destinos, toda vez que el Chelsea y Manchester United esperar\u00e1n hasta el verano para meditar si reemplazan a Guss Hiddink o Louis Van Gaal, respectivamente.<\/p>\n<p>El Manchester City tiene en el banquillo a Manuel Pellegrini, pero desde el pasado verano est\u00e1 en la cuerda floja tras no revalidar la Premier League y quedar eliminado en Champions a manos del Barcelona. Por ello, la prensa no quita el dedo del rengl\u00f3n y afirma que a pesar de que el chileno termina contrato hasta 2017 podr\u00eda ser relevado por Guardiola si no consigue t\u00edtulos en el a\u00f1o en que tiene la segunda plantilla m\u00e1s cara del campeonato (tasada en 516, 20 mde).<\/p>\n<p>Seg\u00fan el medio citado, si <em>Pep<\/em> se convierte en el relev\u00f3 de Pellegrini podr\u00eda buscar que el argentino buscar\u00e1 nuevos retos lejos del Barcelona, donde \u00e9l mismo ha dicho que anhela retirarse. Y el argumento apela al momento en que negoci\u00f3 la llegada de Thiago Alcantara al Bayern M\u00fanich, procedente del Barcelona. Eso s\u00ed, el traspaso era asequible y solo cost\u00f3 25 millones de euros, la d\u00e9cima parte de lo que supondr\u00eda fichar al argentino.<\/p>\n<p style=\"text-align: center;\"><span style=\"color: #3366ff;\"><strong><a style=\"color: #3366ff;\" href=\"http:\/\/futboltotal.com.mx\/futbol-internacional\/\">LEER M\u00c1S: Todas las noticias de Futbol Internacional<\/a><\/strong><\/span><\/p>\n","protected":false},"excerpt":{"rendered":"<p>El estratega espa\u00f1ol sue\u00f1a con volver a entrenar al crack argentino<\/p>\n","protected":false},"author":20,"featured_media":346648,"comment_status":"closed","ping_status":"closed","sticky":false,"template":"","format":"standard","meta":[],"categories":[3839,3846,5951],"tags":[2510,6012,6671],"_links":{"self":[{"href":"http:\/\/desarrollo.grupomedios.com\/futbol\/wp-json\/wp\/v2\/posts\/346646"}],"collection":[{"href":"http:\/\/desarrollo.grupomedios.com\/futbol\/wp-json\/wp\/v2\/posts"}],"about":[{"href":"http:\/\/desarrollo.grupomedios.com\/futbol\/wp-json\/wp\/v2\/types\/post"}],"author":[{"embeddable":true,"href":"http:\/\/desarrollo.grupomedios.com\/futbol\/wp-json\/wp\/v2\/users\/20"}],"replies":[{"embeddable":true,"href":"http:\/\/desarrollo.grupomedios.com\/futbol\/wp-json\/wp\/v2\/comments?post=346646"}],"version-history":[{"count":0,"href":"http:\/\/desarrollo.grupomedios.com\/futbol\/wp-json\/wp\/v2\/posts\/346646\/revisions"}],"wp:featuredmedia":[{"embeddable":true,"href":"http:\/\/desarrollo.grupomedios.com\/futbol\/wp-json\/wp\/v2\/media\/346648"}],"wp:attachment":[{"href":"http:\/\/desarrollo.grupomedios.com\/futbol\/wp-json\/wp\/v2\/media?parent=346646"}],"wp:term":[{"taxonomy":"category","embeddable":true,"href":"http:\/\/desarrollo.grupomedios.com\/futbol\/wp-json\/wp\/v2\/categories?post=346646"},{"taxonomy":"post_tag","embeddable":true,"href":"http:\/\/desarrollo.grupomedios.com\/futbol\/wp-json\/wp\/v2\/tags?post=346646"}],"curies":[{"name":"wp","href":"https:\/\/api.w.org\/{rel}","templated":true}]}}