{"id":346749,"date":"2016-01-06T17:35:27","date_gmt":"2016-01-06T23:35:27","guid":{"rendered":"http:\/\/futboltotal.com.mx\/?p=346749"},"modified":"2016-01-06T17:36:50","modified_gmt":"2016-01-06T23:36:50","slug":"tri-sub-23-iniciara-trabajos-rumbo-a-rio-de-janeiro","status":"publish","type":"post","link":"http:\/\/desarrollo.grupomedios.com\/futbol\/futbol-mexicano\/tri-sub-23-iniciara-trabajos-rumbo-a-rio-de-janeiro\/2016\/01","title":{"rendered":"Tri Sub-23 iniciar\u00e1 trabajos rumbo a R\u00edo de Janeiro"},"content":{"rendered":"<p>A trav\u00e9s de un comunicado, la Federaci\u00f3n Mexicana de Futbol dio a conocer la primera convocatoria de Ra\u00fal Guti\u00e9rrez con la <a href=\"http:\/\/www.futboltotal.com.mx\/futbol-mexicano\/seleccion-mexicana\/\" target=\"_blank\"><strong>Selecci\u00f3n Mexicana Sub-23<\/strong><\/a>, para comenzar con los trabajos rumbo a los Juegos Ol\u00edmpicos de R\u00edo de Janeiro. El <em>Potro<\/em> mand\u00f3 a llamar pr\u00e1cticamente a todo el plantel que gan\u00f3 el Preol\u00edmpico de CONCACAF.<\/p>\n<p>La <strong>Selecci\u00f3n Mexicana Sub-23<\/strong> se reunir\u00e1 en el Centro de Alto Rendimiento a partir del 10 de enero, por la noche; as\u00ed que los equipos de la Liga MX no deben preocuparse, puesto que los futbolistas se integrar\u00e1n tras finalizar la jornada 1 del Clausura 2016, y s\u00f3lo permanecer\u00e1n ah\u00ed por tres d\u00edas, enseguida, se reincorporar\u00e1n con sus clubes, para participar en la fecha dos de la naciente campa\u00f1a.<\/p>\n<p>&#8220;Lunes y martes trabajar\u00e1n a doble sesi\u00f3n, mientras que el mi\u00e9rcoles 13 de enero \u00fanicamente entrenar\u00e1n por la ma\u00f1ana, ya que por la tarde, al t\u00e9rmino de la comida, los convocados romper\u00e1n concentraci\u00f3n y se incorporar\u00e1n a sus respectivos Clubes&#8221;, afirma el comunicado de la FMF, con respecto a los convocados de la <strong>Selecci\u00f3n Mexicana Sub-23<\/strong>.<\/p>\n<p>Son 26, los futbolistas convocados por Ra\u00fal Guti\u00e9rrez, para iniciar con el trabajo del <em>Tri<\/em> Sub-23, rumbo a los Juegos Ol\u00edmpicos de R\u00edo de Janeiro 2016, donde predominan los jugadores de Pachuca y Chivas. A continuaci\u00f3n, la lista de juadores:<\/p>\n<p><a href=\"http:\/\/futboltotal.com.mx\/wp-content\/uploads\/2016\/01\/Convocatoria-tri-sub-23.jpg\"><img decoding=\"async\" loading=\"lazy\" src=\"http:\/\/futboltotal.com.mx\/wp-content\/uploads\/2016\/01\/Convocatoria-tri-sub-23.jpg\" alt=\"Convocatoria tri sub 23\" class=\"alignnone size-full wp-image-346762\" srcset=\"http:\/\/desarrollo.grupomedios.com\/futbol\/wp-content\/uploads\/2016\/01\/Convocatoria-tri-sub-23.jpg 650w, http:\/\/desarrollo.grupomedios.com\/futbol\/wp-content\/uploads\/2016\/01\/Convocatoria-tri-sub-23-300x150.jpg 300w\" sizes=\"(max-width: 650px) 100vw, 650px\" \/><\/a><\/p>\n","protected":false},"excerpt":{"rendered":"<p>La selecci\u00f3n que obtuvo el pase a JO, celebrar\u00e1 su primera concentraci\u00f3n<\/p>\n","protected":false},"author":20,"featured_media":346764,"comment_status":"closed","ping_status":"closed","sticky":false,"template":"","format":"standard","meta":[],"categories":[2198,3847,5950],"tags":[142,5949,3351],"_links":{"self":[{"href":"http:\/\/desarrollo.grupomedios.com\/futbol\/wp-json\/wp\/v2\/posts\/346749"}],"collection":[{"href":"http:\/\/desarrollo.grupomedios.com\/futbol\/wp-json\/wp\/v2\/posts"}],"about":[{"href":"http:\/\/desarrollo.grupomedios.com\/futbol\/wp-json\/wp\/v2\/types\/post"}],"author":[{"embeddable":true,"href":"http:\/\/desarrollo.grupomedios.com\/futbol\/wp-json\/wp\/v2\/users\/20"}],"replies":[{"embeddable":true,"href":"http:\/\/desarrollo.grupomedios.com\/futbol\/wp-json\/wp\/v2\/comments?post=346749"}],"version-history":[{"count":0,"href":"http:\/\/desarrollo.grupomedios.com\/futbol\/wp-json\/wp\/v2\/posts\/346749\/revisions"}],"wp:featuredmedia":[{"embeddable":true,"href":"http:\/\/desarrollo.grupomedios.com\/futbol\/wp-json\/wp\/v2\/media\/346764"}],"wp:attachment":[{"href":"http:\/\/desarrollo.grupomedios.com\/futbol\/wp-json\/wp\/v2\/media?parent=346749"}],"wp:term":[{"taxonomy":"category","embeddable":true,"href":"http:\/\/desarrollo.grupomedios.com\/futbol\/wp-json\/wp\/v2\/categories?post=346749"},{"taxonomy":"post_tag","embeddable":true,"href":"http:\/\/desarrollo.grupomedios.com\/futbol\/wp-json\/wp\/v2\/tags?post=346749"}],"curies":[{"name":"wp","href":"https:\/\/api.w.org\/{rel}","templated":true}]}}