{"id":346777,"date":"2016-01-06T18:57:52","date_gmt":"2016-01-07T00:57:52","guid":{"rendered":"http:\/\/futboltotal.com.mx\/?p=346777"},"modified":"2016-01-07T16:47:33","modified_gmt":"2016-01-07T22:47:33","slug":"la-baraja-de-entrenadores-del-clausura-2016","status":"publish","type":"post","link":"http:\/\/desarrollo.grupomedios.com\/futbol\/futbol-mexicano\/la-baraja-de-entrenadores-del-clausura-2016\/2016\/01","title":{"rendered":"La baraja de entrenadores del Clausura 2016"},"content":{"rendered":"<p>Tan amado como odiado, as\u00ed es el trabajo de los <strong>entrenadores<\/strong>, ante un buen o mal resultado. Esa caracter\u00edstica no pasar\u00e1 desapercibida en este <strong>Clausura 2016<\/strong>, donde 18 directores t\u00e9cnicos\u00a0echar\u00e1n mano de sus conocimientos para obtener un buen funcionamiento, y conseguir el aval de sus aficionados, a veces, sus m\u00e1s crueles verdugos.<\/p>\n<p>Tanto experimentados, como noveles <strong>entrenadores<\/strong>, buscar\u00e1n la joya de la corona que consigui\u00f3 el certamen pasado Ricardo Ferretti con los Tigres de la UANL, logrando con ello el cuarto t\u00edtulo en su cuenta personal. La obligaci\u00f3n, la llevar\u00edan, debido a su experiencia en la liga, y en finales ganadas, V\u00edctor Manuel Vucetich y Enrique Meza, con cinco y cuatro cetros respectivamente, sin embargo, sus equipos, Quer\u00e9taro y Morelia, parece est\u00e1n planificados para otro tipo de objetivos: el no descenso.<\/p>\n<p style=\"text-align: center;\"><strong><span style=\"color: #3366ff;\"><a style=\"color: #3366ff;\" href=\"http:\/\/futboltotal.com.mx\/2015\/12\/tigres-campeon-de-la-liga-mx\/\">LEER M\u00c1S: \u00a1Tigres, campe\u00f3n de la Liga MX!<\/a><\/span><\/strong><\/p>\n<p>Caso contrario lo vivir\u00e1n los argentinos Gustavo Costas y Luis Zubeldia, quienes a cargo del Atlas y de Santos, vivir\u00e1n apenas su primer torneo en el futbol mexicano. Mientras que el <em>Chino<\/em> Costas tiene que aplicar su experiencia de cinco t\u00edtulos ganados en Sudam\u00e9rica a un plantel que no es campe\u00f3n desde 1951, el <em>Pr\u00edncipe<\/em> Zubeld\u00eda se har\u00e1 cargo de un plantel, acostumbrado al primer lugar, a sus apenas 34 a\u00f1os, y sin alg\u00fan palmar\u00e9s que lo respalde.<\/p>\n<p>Por \u00faltimo, nombres como los de Mat\u00edas Almeyda, Ignacio Ambriz, Guillermo V\u00e1zquez, Tom\u00e1s Boy, Ricardo LaVolpe, Antonio Mohamed, Jos\u00e9 Cardozo y Juan Antonio Pizzi, tendr\u00e1n que demostrar, que tan bien est\u00e1n armados sus equipos, si es que quieren arrebatarle la corona al <em>Tuca<\/em>.<\/p>\n<p><a href=\"http:\/\/futboltotal.com.mx\/wp-content\/uploads\/2016\/01\/tecnicos2016-1.jpg\"><img decoding=\"async\" loading=\"lazy\" class=\"alignnone wp-image-346946 size-full\" src=\"http:\/\/futboltotal.com.mx\/wp-content\/uploads\/2016\/01\/tecnicos2016-1.jpg\" alt=\"tecnicos2016 (1)\" srcset=\"http:\/\/desarrollo.grupomedios.com\/futbol\/wp-content\/uploads\/2016\/01\/tecnicos2016-1.jpg 820w, http:\/\/desarrollo.grupomedios.com\/futbol\/wp-content\/uploads\/2016\/01\/tecnicos2016-1-110x300.jpg 110w, http:\/\/desarrollo.grupomedios.com\/futbol\/wp-content\/uploads\/2016\/01\/tecnicos2016-1-376x1024.jpg 376w\" sizes=\"(max-width: 820px) 100vw, 820px\" \/><\/a><\/p>\n<p>&nbsp;<\/p>\n","protected":false},"excerpt":{"rendered":"<p>Varios experimentados y algunos noveles, en b\u00fasqueda de la corona del Tuca<\/p>\n","protected":false},"author":20,"featured_media":346792,"comment_status":"closed","ping_status":"closed","sticky":false,"template":"","format":"standard","meta":[],"categories":[2198,3845,5950],"tags":[6458,4322,64],"_links":{"self":[{"href":"http:\/\/desarrollo.grupomedios.com\/futbol\/wp-json\/wp\/v2\/posts\/346777"}],"collection":[{"href":"http:\/\/desarrollo.grupomedios.com\/futbol\/wp-json\/wp\/v2\/posts"}],"about":[{"href":"http:\/\/desarrollo.grupomedios.com\/futbol\/wp-json\/wp\/v2\/types\/post"}],"author":[{"embeddable":true,"href":"http:\/\/desarrollo.grupomedios.com\/futbol\/wp-json\/wp\/v2\/users\/20"}],"replies":[{"embeddable":true,"href":"http:\/\/desarrollo.grupomedios.com\/futbol\/wp-json\/wp\/v2\/comments?post=346777"}],"version-history":[{"count":0,"href":"http:\/\/desarrollo.grupomedios.com\/futbol\/wp-json\/wp\/v2\/posts\/346777\/revisions"}],"wp:featuredmedia":[{"embeddable":true,"href":"http:\/\/desarrollo.grupomedios.com\/futbol\/wp-json\/wp\/v2\/media\/346792"}],"wp:attachment":[{"href":"http:\/\/desarrollo.grupomedios.com\/futbol\/wp-json\/wp\/v2\/media?parent=346777"}],"wp:term":[{"taxonomy":"category","embeddable":true,"href":"http:\/\/desarrollo.grupomedios.com\/futbol\/wp-json\/wp\/v2\/categories?post=346777"},{"taxonomy":"post_tag","embeddable":true,"href":"http:\/\/desarrollo.grupomedios.com\/futbol\/wp-json\/wp\/v2\/tags?post=346777"}],"curies":[{"name":"wp","href":"https:\/\/api.w.org\/{rel}","templated":true}]}}