{"id":346908,"date":"2016-01-07T14:35:05","date_gmt":"2016-01-07T20:35:05","guid":{"rendered":"http:\/\/futboltotal.com.mx\/?p=346908"},"modified":"2016-01-07T14:35:05","modified_gmt":"2016-01-07T20:35:05","slug":"tecatito-considerado-para-estar-en-juegos-olimpicos","status":"publish","type":"post","link":"http:\/\/desarrollo.grupomedios.com\/futbol\/futbol-mexicano\/tecatito-considerado-para-estar-en-juegos-olimpicos\/2016\/01","title":{"rendered":"Tecatito, considerado para estar en R\u00edo 2016"},"content":{"rendered":"<p>La calidad goleadora que acarrea Jes\u00fas <strong><em>Tecatito<\/em><\/strong> Corona con el Porto de Portugal, adem\u00e1s de su juventud, le han dado un lugar en\u00a0la Selecci\u00f3n Mexicana en los \u00faltimos meses; y ahora, tambi\u00e9n podr\u00edan ser aprovechados dentro de\u00a0la Selecci\u00f3n Ol\u00edmpica, en la b\u00fasqueda del bicampeonato, en R\u00edo 2016.<\/p>\n<p>El entrenador del conjunto juvenil, Ra\u00fal Guti\u00e9rrez, en declaraciones a <em>Super Estadio,\u00a0<\/em>no descart\u00f3 la llegada del ex elemento de los Rayados de Monterrey, y de hecho mencion\u00f3 que su arribo puede ser muy factible, ya que no se depender\u00eda totalmente de una decisi\u00f3n directa del conjunto portugu\u00e9s.<\/p>\n<p style=\"text-align: center;\"><strong><span style=\"color: #3366ff;\"><a style=\"color: #3366ff;\" href=\"http:\/\/futboltotal.com.mx\/2016\/01\/tri-sub-23-iniciara-trabajos-rumbo-a-rio-de-janeiro\/\">LEER M\u00c1S: Tri Sub-23 iniciar\u00e1 trabajos rumbo a R\u00edo de Janeiro<\/a><\/span><\/strong><\/p>\n<p>&#8220;Ser\u00eda un &#8216;plus&#8217; que pudiera estar con nosotros, necesitamos hablar con \u00e9l y con su club, porque los Juegos Ol\u00edmpicos no est\u00e1n dentro de fecha FIFA&#8221;, coment\u00f3 el <em>Potro<\/em> sobre el <strong><em>Tecatito<\/em><\/strong><\/p>\n<p>De igual forma, el entrenador campe\u00f3n con M\u00e9xico en el Mundial 2011 habl\u00f3 de la posibilidad de poder contar con <strong>Orbel\u00edn<\/strong> Pineda, nuevo elemento de las Chivas de Guadalajara; &#8220;Hay que seguirlo observando para poder considerarlo a en la lista final&#8221;, finaliz\u00f3.<\/p>\n<p>En la lista de convocados que dio a conocer el <em>Potro<\/em> Guti\u00e9rrez el d\u00eda de ayer destacan las presencias de Erick Torres, delantero del Houston Dynamo, Antonio Brise\u00f1o, campe\u00f3n con Tigres, Hirving Lozano, mediocampista del Pachuca, Jorge Espericueta, de Tigres, adem\u00e1s de Gibran Lajud, portero de Tijuana.<\/p>\n","protected":false},"excerpt":{"rendered":"<p>Ra\u00fal Guti\u00e9rrez ya lo observa, de cara a Juegos Ol\u00edmpicos<\/p>\n","protected":false},"author":20,"featured_media":346910,"comment_status":"closed","ping_status":"closed","sticky":false,"template":"","format":"standard","meta":[],"categories":[2198,3847,5951],"tags":[5443,1911,6546,5664,5979,3985],"_links":{"self":[{"href":"http:\/\/desarrollo.grupomedios.com\/futbol\/wp-json\/wp\/v2\/posts\/346908"}],"collection":[{"href":"http:\/\/desarrollo.grupomedios.com\/futbol\/wp-json\/wp\/v2\/posts"}],"about":[{"href":"http:\/\/desarrollo.grupomedios.com\/futbol\/wp-json\/wp\/v2\/types\/post"}],"author":[{"embeddable":true,"href":"http:\/\/desarrollo.grupomedios.com\/futbol\/wp-json\/wp\/v2\/users\/20"}],"replies":[{"embeddable":true,"href":"http:\/\/desarrollo.grupomedios.com\/futbol\/wp-json\/wp\/v2\/comments?post=346908"}],"version-history":[{"count":0,"href":"http:\/\/desarrollo.grupomedios.com\/futbol\/wp-json\/wp\/v2\/posts\/346908\/revisions"}],"wp:featuredmedia":[{"embeddable":true,"href":"http:\/\/desarrollo.grupomedios.com\/futbol\/wp-json\/wp\/v2\/media\/346910"}],"wp:attachment":[{"href":"http:\/\/desarrollo.grupomedios.com\/futbol\/wp-json\/wp\/v2\/media?parent=346908"}],"wp:term":[{"taxonomy":"category","embeddable":true,"href":"http:\/\/desarrollo.grupomedios.com\/futbol\/wp-json\/wp\/v2\/categories?post=346908"},{"taxonomy":"post_tag","embeddable":true,"href":"http:\/\/desarrollo.grupomedios.com\/futbol\/wp-json\/wp\/v2\/tags?post=346908"}],"curies":[{"name":"wp","href":"https:\/\/api.w.org\/{rel}","templated":true}]}}