{"id":346918,"date":"2016-01-07T15:29:54","date_gmt":"2016-01-07T21:29:54","guid":{"rendered":"http:\/\/futboltotal.com.mx\/?p=346918"},"modified":"2016-01-07T15:35:04","modified_gmt":"2016-01-07T21:35:04","slug":"lopetegui-con-las-horas-contadas-en-el-porto","status":"publish","type":"post","link":"http:\/\/desarrollo.grupomedios.com\/futbol\/futbol-internacional\/lopetegui-con-las-horas-contadas-en-el-porto\/2016\/01","title":{"rendered":"Lopetegui, con las horas contadas en el Porto"},"content":{"rendered":"<p>La continuidad del entrenador <strong>Julen Lopetegui<\/strong> en el banquillo del <strong>Porto<\/strong> es incierta. Y es que luego de que este mi\u00e9rcoles los <em>Dragones<\/em> fueron incapaces de doblegar al R\u00edo Ave en la Jornada 16 de la liga portuguesa, el estratega habr\u00eda firmado su sentencia para ser destituido.<\/p>\n<p>Al menos as\u00ed lo indica la prensa espa\u00f1ola en informaciones publicadas de \u00faltima hora, en las cuales asegura que la directiva del conjunto luso perdi\u00f3 la paciencia con el estratega despu\u00e9s de que no logr\u00f3 calificar a Octavos de Champions League, dej\u00f3 ir el liderato de la clasificaci\u00f3n lusa a manos del Sporting y este mi\u00e9rcoles no pas\u00f3 de un paup\u00e9rrimo empate 1-1 que dej\u00f3 al Porto situado en el tercer puesto del campeonato.<\/p>\n<p style=\"text-align: center;\"><span style=\"color: #3366ff;\"><strong><a style=\"color: #3366ff;\" href=\"http:\/\/futboltotal.com.mx\/2016\/01\/hector-herrera-anota-con-el-porto-2\/\">LEER M\u00c1S: H\u00e9ctor Herrera anota, pero el Porto empata<\/a><\/strong><\/span><\/p>\n<p>Aunque el equipo no consigui\u00f3 un solo t\u00edtulo en la temporada anterior, el club dio un voto de confianza al t\u00e9cnico para que encausara un proyecto competitivo este curso, con una plantilla que se reforz\u00f3 poco -apenas gast\u00f3 36 millones de euros en contrataciones- tras haber dejado ir a jugadores de calidad como Jackson Mart\u00ednez, Danilo o Alex Sandro.<\/p>\n<p>Sin embargo despu\u00e9s de 16 jornadas en las que el Porto no est\u00e1 en su m\u00e1ximo nivel, Lopetegui habr\u00eda dejado de ser director t\u00e9cnico del Porto. Para relevarlo en el banquillo est\u00e1 el extrenador del Valencia, Nuno Esp\u00edrito Santo.<\/p>\n<p>En Portugal, la prensa mantiene cautela y no ha confirmado si el t\u00e9cnico se va, toda vez que el club no ha oficializado su salida. De hecho, el diario <em>O Jogo <\/em>indica que el estratega entren\u00f3 con normalidad este jueves de cara al duelo de la jornada 17 en el que enfrentar\u00e1n al Boavista.<\/p>\n<p>&nbsp;<\/p>\n","protected":false},"excerpt":{"rendered":"<p>El entrenador espa\u00f1ol habr\u00eda sido cesado por falta de resultados<\/p>\n","protected":false},"author":20,"featured_media":346925,"comment_status":"closed","ping_status":"closed","sticky":false,"template":"","format":"standard","meta":[],"categories":[3839,5951],"tags":[6407,1208],"_links":{"self":[{"href":"http:\/\/desarrollo.grupomedios.com\/futbol\/wp-json\/wp\/v2\/posts\/346918"}],"collection":[{"href":"http:\/\/desarrollo.grupomedios.com\/futbol\/wp-json\/wp\/v2\/posts"}],"about":[{"href":"http:\/\/desarrollo.grupomedios.com\/futbol\/wp-json\/wp\/v2\/types\/post"}],"author":[{"embeddable":true,"href":"http:\/\/desarrollo.grupomedios.com\/futbol\/wp-json\/wp\/v2\/users\/20"}],"replies":[{"embeddable":true,"href":"http:\/\/desarrollo.grupomedios.com\/futbol\/wp-json\/wp\/v2\/comments?post=346918"}],"version-history":[{"count":0,"href":"http:\/\/desarrollo.grupomedios.com\/futbol\/wp-json\/wp\/v2\/posts\/346918\/revisions"}],"wp:featuredmedia":[{"embeddable":true,"href":"http:\/\/desarrollo.grupomedios.com\/futbol\/wp-json\/wp\/v2\/media\/346925"}],"wp:attachment":[{"href":"http:\/\/desarrollo.grupomedios.com\/futbol\/wp-json\/wp\/v2\/media?parent=346918"}],"wp:term":[{"taxonomy":"category","embeddable":true,"href":"http:\/\/desarrollo.grupomedios.com\/futbol\/wp-json\/wp\/v2\/categories?post=346918"},{"taxonomy":"post_tag","embeddable":true,"href":"http:\/\/desarrollo.grupomedios.com\/futbol\/wp-json\/wp\/v2\/tags?post=346918"}],"curies":[{"name":"wp","href":"https:\/\/api.w.org\/{rel}","templated":true}]}}