{"id":346922,"date":"2016-01-07T15:19:45","date_gmt":"2016-01-07T21:19:45","guid":{"rendered":"http:\/\/futboltotal.com.mx\/?p=346922"},"modified":"2016-01-07T15:31:07","modified_gmt":"2016-01-07T21:31:07","slug":"enfrentamiento-entre-diego-costa-y-oscar-en-chelsea","status":"publish","type":"post","link":"http:\/\/desarrollo.grupomedios.com\/futbol\/futbol-internacional\/enfrentamiento-entre-diego-costa-y-oscar-en-chelsea\/2016\/01","title":{"rendered":"\u00bfEnfrentamiento entre Diego Costa y Oscar en Chelsea?"},"content":{"rendered":"<p>Cuando parec\u00eda que las aguas se calmaban dentro del <strong>Chelsea<\/strong>, un supuesto enfrentamiento entre los jugadores <strong>Diego Costa<\/strong> y <strong>Oscar<\/strong> vuelve a enturbiar el ambiente en el seno del conjunto londinense.<\/p>\n<p>Seg\u00fan informaci\u00f3n vertida por <em>The Daily Telegraph<\/em>, en un entrenamiento del club en la ciudad deportiva de Cobham, el jugador brasile\u00f1o habr\u00eda generado un contacto fuerte sobre la rodilla del naturalizado espa\u00f1ol, lo que habr\u00eda enfurecido al atacante, al grado de llegar a los pu\u00f1os con su agresor. El resto de la plantilla habr\u00eda tenido que intervenir para poder separarlos.<\/p>\n<p style=\"text-align: center;\"><strong><span style=\"color: #3366ff;\"><a style=\"color: #3366ff;\" href=\"http:\/\/futboltotal.com.mx\/2016\/01\/5-futbolistas-que-buscan-recuperar-el-brillo-en-2016\/\">LEER M\u00c1S: 5 futbolistas que buscan recuperar el\u00a0brillo en 2016<\/a><\/span><\/strong><\/p>\n<p>Declaraciones de fuentes al rotativo ingl\u00e9s, mencionan que el incidente no paso a mayores, ambos elementos se fueron juntos a los vestidores, y hasta el mismo Guus Hiddink, entrenador de los <em>Blues<\/em> le habr\u00eda restado importancia al evento, asegurando que ambos jugadores habr\u00edan bromeado al respecto, minutos despu\u00e9s.<\/p>\n<p>Sin embargo, el mismo <strong>Oscar<\/strong> tuvo que pronunciarse ante tal hecho, declarando en su cuenta oficial de <em>Twitter<\/em>\u00a0, que no existi\u00f3 ninguna pelea entre <strong>Costa<\/strong> y \u00e9l, y enfatizando que el atacante es uno de sus mejores amigos en el club.<\/p>\n<blockquote class=\"twitter-tweet\" width=\"500\">\n<p lang=\"pt\" dir=\"ltr\">Pra quem est\u00e1 falando que eu e o <a href=\"https:\/\/twitter.com\/diegocosta\">@diegocosta<\/a> brigamos hoje no treino est\u00e1 mentindo,Ele \u00e9 um dos meus melhores amigos e jamais ir\u00edamos brigar<\/p>\n<p>&mdash; Oscar (@oscar8) <a href=\"https:\/\/twitter.com\/oscar8\/status\/685161599682895872\">January 7, 2016<\/a><\/p><\/blockquote>\n<p><script async src=\"\/\/platform.twitter.com\/widgets.js\" charset=\"utf-8\"><\/script><\/p>\n<p>El <strong>Chelsea<\/strong> espera obtener un buen resultado en su pr\u00f3ximo compromiso, que ser\u00e1 dentro de la FA Cup, enfrentando al Scunthorpe United, conjunto de la League One, tercera categor\u00eda del futbol ingl\u00e9s.<\/p>\n","protected":false},"excerpt":{"rendered":"<p>La prensa inglesa lo afirma, el brasile\u00f1o lo niega en redes<\/p>\n","protected":false},"author":20,"featured_media":346923,"comment_status":"closed","ping_status":"closed","sticky":false,"template":"","format":"standard","meta":[],"categories":[3839,5951],"tags":[5981,3205,6067],"_links":{"self":[{"href":"http:\/\/desarrollo.grupomedios.com\/futbol\/wp-json\/wp\/v2\/posts\/346922"}],"collection":[{"href":"http:\/\/desarrollo.grupomedios.com\/futbol\/wp-json\/wp\/v2\/posts"}],"about":[{"href":"http:\/\/desarrollo.grupomedios.com\/futbol\/wp-json\/wp\/v2\/types\/post"}],"author":[{"embeddable":true,"href":"http:\/\/desarrollo.grupomedios.com\/futbol\/wp-json\/wp\/v2\/users\/20"}],"replies":[{"embeddable":true,"href":"http:\/\/desarrollo.grupomedios.com\/futbol\/wp-json\/wp\/v2\/comments?post=346922"}],"version-history":[{"count":0,"href":"http:\/\/desarrollo.grupomedios.com\/futbol\/wp-json\/wp\/v2\/posts\/346922\/revisions"}],"wp:featuredmedia":[{"embeddable":true,"href":"http:\/\/desarrollo.grupomedios.com\/futbol\/wp-json\/wp\/v2\/media\/346923"}],"wp:attachment":[{"href":"http:\/\/desarrollo.grupomedios.com\/futbol\/wp-json\/wp\/v2\/media?parent=346922"}],"wp:term":[{"taxonomy":"category","embeddable":true,"href":"http:\/\/desarrollo.grupomedios.com\/futbol\/wp-json\/wp\/v2\/categories?post=346922"},{"taxonomy":"post_tag","embeddable":true,"href":"http:\/\/desarrollo.grupomedios.com\/futbol\/wp-json\/wp\/v2\/tags?post=346922"}],"curies":[{"name":"wp","href":"https:\/\/api.w.org\/{rel}","templated":true}]}}