{"id":346945,"date":"2016-01-07T17:50:40","date_gmt":"2016-01-07T23:50:40","guid":{"rendered":"http:\/\/futboltotal.com.mx\/?p=346945"},"modified":"2016-01-07T17:51:06","modified_gmt":"2016-01-07T23:51:06","slug":"paul-aguilar-se-perdera-arranque-del-torneo","status":"publish","type":"post","link":"http:\/\/desarrollo.grupomedios.com\/futbol\/destacado-home\/paul-aguilar-se-perdera-arranque-del-torneo\/2016\/01","title":{"rendered":"Paul Aguilar se perder\u00e1 arranque del torneo"},"content":{"rendered":"<p><strong>Paul Aguilar<\/strong>, jugador de las <a href=\"http:\/\/futboltotal.com.mx\/equipos\/america\/\"><em>\u00c1guilas<\/em> del <strong>Am\u00e9rica<\/strong><\/a> se perder\u00e1 arranque del <strong>Clausura 2016<\/strong>. El lateral <em>azulcrema<\/em> sufri\u00f3 una lesi\u00f3n el a rodilla izquierda, por lo que caus\u00f3 baja para el partido\u00a0de la jornada 1 ante Puebla, duelo que se disputar\u00e1 el pr\u00f3ximo domingo en la cancha del estadio Azteca.<\/p>\n<p>\u201c<strong>Paul Aguilar <\/strong>tuvo una lesi\u00f3n en la rodilla izquierda, estamos determinando la gravedad de dicha lesi\u00f3n, es una lesi\u00f3n de la ligamento colateral medial. Se esta evaluando la lesi\u00f3n para determinar el tiempo que estar\u00e1 fuera\u201d, dijo el doctor del <strong>Am\u00e9rica<\/strong>, Jos\u00e9 V\u00e1zquez.<\/p>\n<p style=\"text-align: center;\"><span style=\"color: #3366ff;\"><strong><a style=\"color: #3366ff;\" href=\"http:\/\/futboltotal.com.mx\/2016\/01\/seleccion-mexicana-cae-en-el-ranking-fifa\/\">LEER M\u00c1S: Selecci\u00f3n Mexicana cae en el Ranking FIFA<\/a><\/strong><\/span><\/p>\n<p>Adem\u00e1s, el m\u00e9dico azulcrema inform\u00f3 que la lesi\u00f3n se dio tras una accidental jugada en el partido amistoso de este mi\u00e9rcoles entre las <em>\u00c1guilas<\/em> y Tlaxcala.<\/p>\n<p><em>Nacho<\/em> Ambriz, t\u00e9cnico americanista, no podr\u00e1 contar con el lateral derecho para el duelo de la jornada, pues esta lesi\u00f3n obliga a <strong>Paul Aguilar<\/strong> a guardar reposo durante un tiempo a\u00fan no definido, mientras se eval\u00faa la gravedad de la lesi\u00f3n.<\/p>\n<p style=\"text-align: center;\"><a href=\"http:\/\/futboltotal.com.mx\/futbol-mexicano\/\"><span style=\"color: #3366ff;\"><strong>LEER M\u00c1S: Todas la noticias del futbol mexicano<\/strong><\/span><\/a><\/p>\n<p><span style=\"color: #ff0000;\"><strong>VIDEO:<\/strong>\u00a0Agenda de TV | Jornada 1, Clausura 2016<\/span><\/p>\n<p>[video_player]https:\/\/player.vimeo.com\/external\/150806290.hd.mp4?s=66d1372620c422a8f51e7f71ed0525f57df0c2bc&amp;profile_id=113[\/video_player]<\/p>\n","protected":false},"excerpt":{"rendered":"<p>El lateral del Am\u00e9rica ser\u00e1 baja por lesi\u00f3n<\/p>\n","protected":false},"author":20,"featured_media":346951,"comment_status":"closed","ping_status":"closed","sticky":false,"template":"","format":"standard","meta":[],"categories":[5,2198,3845],"tags":[5959,216],"_links":{"self":[{"href":"http:\/\/desarrollo.grupomedios.com\/futbol\/wp-json\/wp\/v2\/posts\/346945"}],"collection":[{"href":"http:\/\/desarrollo.grupomedios.com\/futbol\/wp-json\/wp\/v2\/posts"}],"about":[{"href":"http:\/\/desarrollo.grupomedios.com\/futbol\/wp-json\/wp\/v2\/types\/post"}],"author":[{"embeddable":true,"href":"http:\/\/desarrollo.grupomedios.com\/futbol\/wp-json\/wp\/v2\/users\/20"}],"replies":[{"embeddable":true,"href":"http:\/\/desarrollo.grupomedios.com\/futbol\/wp-json\/wp\/v2\/comments?post=346945"}],"version-history":[{"count":0,"href":"http:\/\/desarrollo.grupomedios.com\/futbol\/wp-json\/wp\/v2\/posts\/346945\/revisions"}],"wp:featuredmedia":[{"embeddable":true,"href":"http:\/\/desarrollo.grupomedios.com\/futbol\/wp-json\/wp\/v2\/media\/346951"}],"wp:attachment":[{"href":"http:\/\/desarrollo.grupomedios.com\/futbol\/wp-json\/wp\/v2\/media?parent=346945"}],"wp:term":[{"taxonomy":"category","embeddable":true,"href":"http:\/\/desarrollo.grupomedios.com\/futbol\/wp-json\/wp\/v2\/categories?post=346945"},{"taxonomy":"post_tag","embeddable":true,"href":"http:\/\/desarrollo.grupomedios.com\/futbol\/wp-json\/wp\/v2\/tags?post=346945"}],"curies":[{"name":"wp","href":"https:\/\/api.w.org\/{rel}","templated":true}]}}