{"id":346966,"date":"2016-01-07T17:46:05","date_gmt":"2016-01-07T23:46:05","guid":{"rendered":"http:\/\/futboltotal.com.mx\/?p=346966"},"modified":"2016-01-07T17:47:35","modified_gmt":"2016-01-07T23:47:35","slug":"pulido-reaparece-con-olympiakos","status":"publish","type":"post","link":"http:\/\/desarrollo.grupomedios.com\/futbol\/futbol-internacional\/pulido-reaparece-con-olympiakos\/2016\/01","title":{"rendered":"Con Pulido, Olympiacos golea y avanza en Copa"},"content":{"rendered":"<p>El delantero mexicano <strong>Alan Pulido<\/strong> por fin reapareci\u00f3 en la cancha y este jueves sum\u00f3 algunos minutos de actividad con <strong>Olympiacos<\/strong>, que aplast\u00f3 4-1 al <strong>Chania<\/strong> en cotejo por la ida de la tercera ronda en la Copa de Grecia.<\/p>\n<p>Pese a que desde el minuto ocho se encontraban abajo en el marcador por culpa del gol de Giannis Gesios, los \u201crojos\u201d poco a poco se adue\u00f1aron del control de las hostilidades sobre el campo del Dimotiko, para poner pie y medio en la siguiente instancia.<\/p>\n<p>Al minuto 22, el portugu\u00e9s Hernani Jorge Santos emparej\u00f3 los cartones 1-1, mientras que al 39 Dimitris Kolovos permiti\u00f3 que la escuadra dirigida por el timonel lusitano Marco Silva se fuera a descansar ya con la ventaja de 2-1.<\/p>\n<p style=\"text-align: center;\"><span style=\"color: #3366ff;\"><a style=\"color: #3366ff;\" href=\"http:\/\/futboltotal.com.mx\/?s=alan+Pulido\"><strong>LEER M\u00c1S: Todas las noticias de Alan Pulido<\/strong><\/a><\/span><\/p>\n<p>Durante la segunda mitad, Olympiacos se cans\u00f3 de tocar la puerta hasta que recibi\u00f3 una recompensa doble en la recta final del tiempo reglamentario, con la cual afrontar\u00e1 con tranquilidad el compromiso de vuelta.<\/p>\n<p>En el 86, el brasile\u00f1o Sebastiao de Freitas \u201cSeb\u00e1\u201d ampli\u00f3 el margen a 3-1 y fue entonces que Silva envi\u00f3 al terreno de juego al atacante tamaulipeco, quien estuvo envuelto en rumores por un posible regreso al futbol mexicano y adem\u00e1s, por culpa de una lesi\u00f3n, esta campa\u00f1a acumulaba tan s\u00f3lo 15 minutos de labor.<\/p>\n<p>As\u00ed pues, al 87 el ex de Tigres de la UANL hizo su triunfal regreso y por poco se refleja en el marcador, pero su disparo con la derecha desde el l\u00edmite del \u00e1rea se march\u00f3 ligeramente desviado.<\/p>\n<p>Ya en el 90, Giannis Maniatis se encarg\u00f3 de colocar el 4-1 definitivo, el cual estar\u00e1 de su lado el pr\u00f3ximo mi\u00e9rcoles, cuando se celebre el choque de vuelta en El Pireo.<\/p>\n<p style=\"text-align: center;\"><span style=\"color: #3366ff;\"><a style=\"color: #3366ff;\" href=\"http:\/\/futboltotal.com.mx\/?s=alan+Pulido\">\u00a0<\/a><\/span><\/p>\n","protected":false},"excerpt":{"rendered":"<p>El delantero mexicano reapareci\u00f3 con el conjunto hel\u00e9nico ante el Chania<\/p>\n","protected":false},"author":20,"featured_media":346967,"comment_status":"closed","ping_status":"closed","sticky":false,"template":"","format":"standard","meta":[],"categories":[3839,5951],"tags":[1607,6091],"_links":{"self":[{"href":"http:\/\/desarrollo.grupomedios.com\/futbol\/wp-json\/wp\/v2\/posts\/346966"}],"collection":[{"href":"http:\/\/desarrollo.grupomedios.com\/futbol\/wp-json\/wp\/v2\/posts"}],"about":[{"href":"http:\/\/desarrollo.grupomedios.com\/futbol\/wp-json\/wp\/v2\/types\/post"}],"author":[{"embeddable":true,"href":"http:\/\/desarrollo.grupomedios.com\/futbol\/wp-json\/wp\/v2\/users\/20"}],"replies":[{"embeddable":true,"href":"http:\/\/desarrollo.grupomedios.com\/futbol\/wp-json\/wp\/v2\/comments?post=346966"}],"version-history":[{"count":0,"href":"http:\/\/desarrollo.grupomedios.com\/futbol\/wp-json\/wp\/v2\/posts\/346966\/revisions"}],"wp:featuredmedia":[{"embeddable":true,"href":"http:\/\/desarrollo.grupomedios.com\/futbol\/wp-json\/wp\/v2\/media\/346967"}],"wp:attachment":[{"href":"http:\/\/desarrollo.grupomedios.com\/futbol\/wp-json\/wp\/v2\/media?parent=346966"}],"wp:term":[{"taxonomy":"category","embeddable":true,"href":"http:\/\/desarrollo.grupomedios.com\/futbol\/wp-json\/wp\/v2\/categories?post=346966"},{"taxonomy":"post_tag","embeddable":true,"href":"http:\/\/desarrollo.grupomedios.com\/futbol\/wp-json\/wp\/v2\/tags?post=346966"}],"curies":[{"name":"wp","href":"https:\/\/api.w.org\/{rel}","templated":true}]}}