{"id":347076,"date":"2016-01-08T13:33:44","date_gmt":"2016-01-08T19:33:44","guid":{"rendered":"http:\/\/futboltotal.com.mx\/?p=347076"},"modified":"2016-01-08T14:35:28","modified_gmt":"2016-01-08T20:35:28","slug":"las-opciones-de-entrenador-para-porto","status":"publish","type":"post","link":"http:\/\/desarrollo.grupomedios.com\/futbol\/futbol-internacional\/las-opciones-de-entrenador-para-porto\/2016\/01","title":{"rendered":"5 opciones de entrenador para el Porto de los mexicanos"},"content":{"rendered":"<p>El d\u00eda de hoy se hizo oficial el cese del entrenador espa\u00f1ol <strong>Julen Lopetegui<\/strong> como director t\u00e9cnico del <strong>Porto<\/strong> de Portugal. El empatar a un gol su \u00faltimo encuentro ante el Rio Ave, adem\u00e1s de la derrota 3-1 ante el Sporting de Lisboa, son n\u00fameros que le costaron el liderato al conjunto de los <em>Dragones<\/em> en la liga portuguesa; esto, aunado a la eliminaci\u00f3n en Champions League fueron los factores para la destituci\u00f3n del entrenador.<\/p>\n<p>Ahora, el equipo de los mexicanos Miguel Lay\u00fan, H\u00e9ctor Herrera y Jes\u00fas Corona, adem\u00e1s de Ra\u00fal Gudi\u00f1o y Omar Govea, est\u00e1n a la espera de definir a su nuevo <strong>entrenador<\/strong>. Por el momento, el interinato se le ha asignado a Rui Barros, pero la directiva del <strong>Porto<\/strong>\u00a0ya est\u00e1 en b\u00fasqueda de quien pueda llevar los hilos del plantel, de cara al resto de la segunda vuelta de la liga, adem\u00e1s de la Copa y la Europa League. En <strong>Futbol Total<\/strong>\u00a0te presentamos a los candidatos.<\/p>\n<p style=\"text-align: center;\"><strong><span style=\"color: #3366ff;\"><a style=\"color: #3366ff;\" href=\"http:\/\/futboltotal.com.mx\/2016\/01\/lopetegui-con-las-horas-contadas-en-el-porto\/\">LEER M\u00c1S: Lopetegui, con las horas contadas en el Porto<\/a><\/span><\/strong><\/p>\n<p><span style=\"color: #ff0000;\">Andr\u00e9 Villas Boas |<\/span> El actual entrenador del Zenit de San Petersburgo es el nombre que m\u00e1s fuerte suena en Europa para tomar el cargo de los <em>Dragones<\/em>. El portugu\u00e9s, de 38 a\u00f1os, ya tuvo a su cargo al equipo lusitano (2010-11), con el cual consigui\u00f3 una Europa League, la Liga, la Copa y la Supercopa del pa\u00eds. El entrenador ya expres\u00f3 que dejar\u00e1 al conjunto ruso para el final de temporada, por lo que su llegada puede ser muy factible, a pesar de que la directiva tendr\u00eda que desembolsar muchos euros por \u00e9l.<\/p>\n<p><a href=\"http:\/\/futboltotal.com.mx\/wp-content\/uploads\/2016\/01\/Villas.jpg\"><img decoding=\"async\" loading=\"lazy\" class=\"alignnone wp-image-347083 size-full\" src=\"http:\/\/futboltotal.com.mx\/wp-content\/uploads\/2016\/01\/Villas.jpg\" alt=\"Villas\" srcset=\"http:\/\/desarrollo.grupomedios.com\/futbol\/wp-content\/uploads\/2016\/01\/Villas.jpg 820w, http:\/\/desarrollo.grupomedios.com\/futbol\/wp-content\/uploads\/2016\/01\/Villas-300x110.jpg 300w\" sizes=\"(max-width: 820px) 100vw, 820px\" \/><\/a><\/p>\n<p><span style=\"color: #ff0000;\">Jos\u00e9 Mourinho |<\/span> Su pasado como entrenador del <strong>Porto<\/strong>, donde consigui\u00f3 llevar al equipo a ganar, tanto Liga como Champions League, adem\u00e1s de encontrarse actualmente sin equipo, podr\u00edan ser motivos suficientes para el regreso del portugu\u00e9s a su pa\u00eds. Desde su salida del equipo ha logrado adquirir experiencia en Inglaterra, Italia y Espa\u00f1a, ganando t\u00edtulos nacionales e internacionales en la mayor\u00eda de ellos.<\/p>\n<p><a href=\"http:\/\/futboltotal.com.mx\/wp-content\/uploads\/2016\/01\/Mourinho.jpg\"><img decoding=\"async\" loading=\"lazy\" class=\"alignnone wp-image-347081 size-full\" src=\"http:\/\/futboltotal.com.mx\/wp-content\/uploads\/2016\/01\/Mourinho.jpg\" alt=\"Mourinho\" srcset=\"http:\/\/desarrollo.grupomedios.com\/futbol\/wp-content\/uploads\/2016\/01\/Mourinho.jpg 820w, http:\/\/desarrollo.grupomedios.com\/futbol\/wp-content\/uploads\/2016\/01\/Mourinho-300x110.jpg 300w\" sizes=\"(max-width: 820px) 100vw, 820px\" \/><\/a><\/p>\n<p><span style=\"color: #ff0000;\">Nuno Esp\u00edrito Santo |<\/span> El reci\u00e9n ex entrenador del Valencia tambi\u00e9n suena fuerte para llevar las riendas del conjunto del <strong>Porto<\/strong>. Espirito Santo form\u00f3 parte del club en dos etapas (2002-04 y 2007-10) tiempo en el que colabor\u00f3 en varios t\u00edtulos de liga y copa, tanto nacionales como internacionales.<\/p>\n<p><a href=\"http:\/\/futboltotal.com.mx\/wp-content\/uploads\/2016\/01\/Nuno.jpg\"><img decoding=\"async\" loading=\"lazy\" class=\"alignnone wp-image-347080 size-full\" src=\"http:\/\/futboltotal.com.mx\/wp-content\/uploads\/2016\/01\/Nuno.jpg\" alt=\"Nuno\" srcset=\"http:\/\/desarrollo.grupomedios.com\/futbol\/wp-content\/uploads\/2016\/01\/Nuno.jpg 820w, http:\/\/desarrollo.grupomedios.com\/futbol\/wp-content\/uploads\/2016\/01\/Nuno-300x110.jpg 300w\" sizes=\"(max-width: 820px) 100vw, 820px\" \/><\/a><\/p>\n<p><span style=\"color: #ff0000;\">Paulo Bento |<\/span> Una de los \u00eddolos de uno de los rivales deportivos del <strong>Porto<\/strong> podr\u00eda llegar a la direcci\u00f3n t\u00e9cnica del club, se trata de Paulo Bento, hombre que, como jugador y entrenador consigui\u00f3 t\u00edtulos con uno de los verdugos, casualmente, de Lopetegui, el Sporting de Lisboa. Su experiencia en el banquillo, que lo llev\u00f3 hasta la selecci\u00f3n de Portugal, del 2010 al 2014 ser\u00edan motivos para buscar su arribo.<\/p>\n<p><a href=\"http:\/\/futboltotal.com.mx\/wp-content\/uploads\/2016\/01\/Bento.jpg\"><img decoding=\"async\" loading=\"lazy\" class=\"alignnone wp-image-347079 size-full\" src=\"http:\/\/futboltotal.com.mx\/wp-content\/uploads\/2016\/01\/Bento.jpg\" alt=\"Bento\" srcset=\"http:\/\/desarrollo.grupomedios.com\/futbol\/wp-content\/uploads\/2016\/01\/Bento.jpg 820w, http:\/\/desarrollo.grupomedios.com\/futbol\/wp-content\/uploads\/2016\/01\/Bento-300x110.jpg 300w\" sizes=\"(max-width: 820px) 100vw, 820px\" \/><\/a><\/p>\n<p><span style=\"color: #ff0000;\">Jesualdo Ferreira |<\/span> La directiva del <strong>Porto<\/strong> estar\u00eda considerando viajar a Qatar para buscar la contrataci\u00f3n de uno de los entrenadores, que en su etapa como t\u00e9cnico de los <em>Dragones<\/em>, le diera un tricampeonato, del 2006 al 2010. El actual entrenador del Al-Saad tiene una amplia experiencia como entrenador de varios clubes en Portugal, por lo que se convierte en una opci\u00f3n m\u00e1s que viable.<\/p>\n<p><a href=\"http:\/\/futboltotal.com.mx\/wp-content\/uploads\/2016\/01\/Jesualdo.jpg\"><img decoding=\"async\" loading=\"lazy\" class=\"alignnone wp-image-347078 size-full\" src=\"http:\/\/futboltotal.com.mx\/wp-content\/uploads\/2016\/01\/Jesualdo.jpg\" alt=\"Jesualdo\" srcset=\"http:\/\/desarrollo.grupomedios.com\/futbol\/wp-content\/uploads\/2016\/01\/Jesualdo.jpg 820w, http:\/\/desarrollo.grupomedios.com\/futbol\/wp-content\/uploads\/2016\/01\/Jesualdo-300x110.jpg 300w\" sizes=\"(max-width: 820px) 100vw, 820px\" \/><\/a><\/p>\n","protected":false},"excerpt":{"rendered":"<p>Viejos conocidos del plantel luso suenan fuerte para regresar al banquillo<\/p>\n","protected":false},"author":20,"featured_media":347122,"comment_status":"closed","ping_status":"closed","sticky":false,"template":"","format":"standard","meta":[],"categories":[3839,5951],"tags":[6679,6678,4322,5995,1035,1208,6045],"_links":{"self":[{"href":"http:\/\/desarrollo.grupomedios.com\/futbol\/wp-json\/wp\/v2\/posts\/347076"}],"collection":[{"href":"http:\/\/desarrollo.grupomedios.com\/futbol\/wp-json\/wp\/v2\/posts"}],"about":[{"href":"http:\/\/desarrollo.grupomedios.com\/futbol\/wp-json\/wp\/v2\/types\/post"}],"author":[{"embeddable":true,"href":"http:\/\/desarrollo.grupomedios.com\/futbol\/wp-json\/wp\/v2\/users\/20"}],"replies":[{"embeddable":true,"href":"http:\/\/desarrollo.grupomedios.com\/futbol\/wp-json\/wp\/v2\/comments?post=347076"}],"version-history":[{"count":0,"href":"http:\/\/desarrollo.grupomedios.com\/futbol\/wp-json\/wp\/v2\/posts\/347076\/revisions"}],"wp:featuredmedia":[{"embeddable":true,"href":"http:\/\/desarrollo.grupomedios.com\/futbol\/wp-json\/wp\/v2\/media\/347122"}],"wp:attachment":[{"href":"http:\/\/desarrollo.grupomedios.com\/futbol\/wp-json\/wp\/v2\/media?parent=347076"}],"wp:term":[{"taxonomy":"category","embeddable":true,"href":"http:\/\/desarrollo.grupomedios.com\/futbol\/wp-json\/wp\/v2\/categories?post=347076"},{"taxonomy":"post_tag","embeddable":true,"href":"http:\/\/desarrollo.grupomedios.com\/futbol\/wp-json\/wp\/v2\/tags?post=347076"}],"curies":[{"name":"wp","href":"https:\/\/api.w.org\/{rel}","templated":true}]}}