{"id":347713,"date":"2016-01-10T09:42:07","date_gmt":"2016-01-10T15:42:07","guid":{"rendered":"http:\/\/futboltotal.com.mx\/?p=347713"},"modified":"2016-01-10T09:42:07","modified_gmt":"2016-01-10T15:42:07","slug":"guardiola-esta-sobrevalorado-dimitri-seluk","status":"publish","type":"post","link":"http:\/\/desarrollo.grupomedios.com\/futbol\/destacado-home\/guardiola-esta-sobrevalorado-dimitri-seluk\/2016\/01","title":{"rendered":"&#8220;Guardiola est\u00e1 sobrevalorado&#8221;: Dimitri Seluk"},"content":{"rendered":"<p><span style=\"color: #000000;\"><strong>Pep Guardiola<\/strong> revel\u00f3 al comienzo de la semana sus razones para abandonar al poderoso Bayern Munich: cristalizar su ilusi\u00f3n de<\/span> <strong><span style=\"color: #3366ff;\"><a style=\"color: #3366ff;\" href=\"http:\/\/futboltotal.com.mx\/2016\/01\/pep-guardiola-con-destino-definido\/\">dirigir en la Premier League<\/a>. <\/span><\/strong><span style=\"color: #3366ff;\"><span style=\"color: #000000;\">Con la elecci\u00f3n del torneo en el que pretende dirigir, las posibilidades se cierran, aunque en Inglaterra lo tienen claro y s\u00ed el Manchester City no consigue alg\u00fan t\u00edtulo en la temporada o aunque logre el cometido, la llegada del estratega catal\u00e1n para relevar a Manuel Pellegrini parece inminente.\u00a0<\/span><\/span><\/p>\n<p><span style=\"color: #000000;\">\u201cPep vendr\u00e1 a este club, trabajar\u00e1 aqu\u00ed. No se si ser\u00e1 este verano o m\u00e1s adelante, pero un d\u00eda vendr\u00e1 y puede ser importante para este equipo\u201d, recalc\u00f3 Pellegrini en meses pasados.\u00a0\u201cEspero que Guardiola tenga la ocasi\u00f3n de trabajar en el City, yo amo a este club y le deseo que tenga la misma oportunidad que yo\u201d, abund\u00f3\u00a0el estratega. Pero no todos estar\u00edan contentos con la llegada de Guardiola a los <em>Citizens<\/em>. Clara muestra de ellos son las declaraciones vertidas por Dimitri Seluk, agente de Yaya Tour\u00e9, quien fue rotundo para expresar su\u00a0sentir:\u00a0&#8220;est\u00e1 sobrevalorado&#8221;.<\/span><\/p>\n<p><span style=\"color: #000000;\">No solo dijo sin tapujos lo que piensa, Seluk afirm\u00f3 que cualquiera pudo contar con \u00e9xito en los clubes que ha dirigido <strong>Guardiola<\/strong>, esencialmente por el amplio talento que lo ha rodeado. <\/span><\/p>\n<p><span style=\"color: #000000;\">&#8220;Pep es un gran entrenador, alguien que ha ganado t\u00edtulos con el Barcelona y el Bayern M\u00fanich. Pero la realidad es que mi abuelo podr\u00eda haber ganado trofeos con el Barcelona y el Bayern, ya que son clubes importantes con jugadores de primer nivel&#8221;, dijo Seluk este domingo al diario brit\u00e1nico <em>Sunday Mirror<\/em>.&#8221;Me gustar\u00eda ver a Pep tomando las riendas de un club que vaya en octava o novena posici\u00f3n y que lo hiciera campe\u00f3n&#8221; relat\u00f3 el agente del africano.<\/span><\/p>\n<p><span style=\"color: #000000;\">Guardiola, el principal favorito para sentarse en el banquillo del Manchester City la pr\u00f3xima temporada, ya tuvo a sus \u00f3rdenes a Yaya Tour\u00e9 cuando era entrenador del Barcelona.Fue precisamente el t\u00e9cnico catal\u00e1n el que dio el visto bueno a la venta del centrocampista marfile\u00f1o, de 32 a\u00f1os, al conjunto ingl\u00e9s en verano de 2010.<\/span><\/p>\n<p style=\"text-align: center;\"><span style=\"color: #3366ff;\"><strong><a style=\"color: #3366ff;\" href=\"http:\/\/futboltotal.com.mx\/2015\/12\/5-posibles-destinos-para-pep-guardiola\/\">LEER M\u00c1S: 5 posibles destinos para Pep Guardiola<\/a>.\u00a0<\/strong><\/span><\/p>\n","protected":false},"excerpt":{"rendered":"<p>El agente de Yaya Tour\u00e9 demostr\u00f3 preocupaci\u00f3n por la inminente llegada de Pep al Manchester City <\/p>\n","protected":false},"author":20,"featured_media":347715,"comment_status":"closed","ping_status":"closed","sticky":false,"template":"","format":"standard","meta":[],"categories":[5,3839],"tags":[6682,5993,1791,6068],"_links":{"self":[{"href":"http:\/\/desarrollo.grupomedios.com\/futbol\/wp-json\/wp\/v2\/posts\/347713"}],"collection":[{"href":"http:\/\/desarrollo.grupomedios.com\/futbol\/wp-json\/wp\/v2\/posts"}],"about":[{"href":"http:\/\/desarrollo.grupomedios.com\/futbol\/wp-json\/wp\/v2\/types\/post"}],"author":[{"embeddable":true,"href":"http:\/\/desarrollo.grupomedios.com\/futbol\/wp-json\/wp\/v2\/users\/20"}],"replies":[{"embeddable":true,"href":"http:\/\/desarrollo.grupomedios.com\/futbol\/wp-json\/wp\/v2\/comments?post=347713"}],"version-history":[{"count":0,"href":"http:\/\/desarrollo.grupomedios.com\/futbol\/wp-json\/wp\/v2\/posts\/347713\/revisions"}],"wp:featuredmedia":[{"embeddable":true,"href":"http:\/\/desarrollo.grupomedios.com\/futbol\/wp-json\/wp\/v2\/media\/347715"}],"wp:attachment":[{"href":"http:\/\/desarrollo.grupomedios.com\/futbol\/wp-json\/wp\/v2\/media?parent=347713"}],"wp:term":[{"taxonomy":"category","embeddable":true,"href":"http:\/\/desarrollo.grupomedios.com\/futbol\/wp-json\/wp\/v2\/categories?post=347713"},{"taxonomy":"post_tag","embeddable":true,"href":"http:\/\/desarrollo.grupomedios.com\/futbol\/wp-json\/wp\/v2\/tags?post=347713"}],"curies":[{"name":"wp","href":"https:\/\/api.w.org\/{rel}","templated":true}]}}