{"id":347717,"date":"2016-01-10T10:09:34","date_gmt":"2016-01-10T16:09:34","guid":{"rendered":"http:\/\/futboltotal.com.mx\/?p=347717"},"modified":"2016-01-10T10:10:56","modified_gmt":"2016-01-10T16:10:56","slug":"falcao-de-superestrella-a-rechazado-en-europa","status":"publish","type":"post","link":"http:\/\/desarrollo.grupomedios.com\/futbol\/futbol-internacional\/falcao-de-superestrella-a-rechazado-en-europa\/2016\/01","title":{"rendered":"Falcao, de superestrella a rechazado en Europa"},"content":{"rendered":"<p><strong>Radamel Falcao Garc\u00eda<\/strong>, atacante del Chelsea, seguir\u00e1 hasta final de temporada con los <em>Blues<\/em> despu\u00e9s de que el M\u00f3naco, club que lo cedi\u00f3 al conjunto ingl\u00e9s a comienzos del curso, rechazase acortar el pr\u00e9stamo del colombiano.<\/p>\n<p>2014 fue tr\u00e1gico para Falcao. Sufri\u00f3 una lesi\u00f3n en su ligamento cruzado en un duelo por la Copa Francesa, a unos meses de la Copa del Mundo. Luch\u00f3 y contra todo pron\u00f3stico se recuper\u00f3 a tiempo para un posible convocatoria, sin embargo, Pekerman sab\u00eda que no estar\u00eda en \u00f3ptimas condiciones y no lo cit\u00f3. En a\u00f1o de Mundial sus ilusiones se quebraron y recuperar su mejor versi\u00f3n de juego y de cara a gol ha sido imposible para el <em>Tigre<\/em>.<\/p>\n<p><iframe loading=\"lazy\" src=\"https:\/\/www.youtube.com\/embed\/_q5lI6Ta9Xk\" frameborder=\"0\" allowfullscreen=\"allowfullscreen\"><\/iframe><\/p>\n<p>Ya en el segundo semestre de ese a\u00f1o, Manchester United pretendi\u00f3 contar con el Radamel superestrella, pero se encontr\u00f3 con un futbolista que partido a partido mostraba sus inseguridades en la cancha. Sum\u00f3 4 goles en 29 partidos. En el verano pasado, el Chelsea intent\u00f3 probar con la f\u00f3rmula Falcao a petici\u00f3n de Mourinho, para demostrar a su rival, los <em>Red Devils<\/em>, que hab\u00edan manejado mal los minutos y la participaci\u00f3n del <em>cafetalero<\/em>. Lo cierto es que Radamel sigue sin lucir solo ha participado en 11 encuentros y meci\u00f3 las redes \u00fanicamente ante el Crystal Palace, en el ya lejano mes de agosto. El 9 de Chelsea no juega desde el pasado mes de octubre, por lo que despu\u00e9s de verlo pasando unos ex\u00e1menes m\u00e9dicos en la ciudad deportiva del M\u00f3naco a inicios de semana se rumore\u00f3 sobre su posible regreso al Principado.<\/p>\n<p>Sin embargo, el vicepresidente del conjunto monegasco, el ruso Vadim Vasilyev, rechaz\u00f3 el regreso del atacante colombiano: &#8220;Falcao est\u00e1 lesionado; le quedan entre seis y ocho semanas de recuperaci\u00f3n&#8221;, dijo el directivo. &#8220;Hemos decidido que de momento no regrese al M\u00f3naco&#8221;, confirm\u00f3 Vasilyev.<\/p>\n<p style=\"text-align: center;\"><strong><span style=\"color: #3366ff;\"><a style=\"color: #3366ff;\" href=\"http:\/\/futboltotal.com.mx\/2016\/01\/guardiola-esta-sobrevalorado-dimitri-seluk\/\">LEER M\u00c1S: &#8220;Guardiola est\u00e1 sobrevalorado&#8221;: Seluk<\/a><\/span><\/strong><\/p>\n","protected":false},"excerpt":{"rendered":"<p>2014 fue tr\u00e1gico para el colombiano, fue ah\u00ed que inici\u00f3 su derrumbe con grave lesi\u00f3n y sin Mundial <\/p>\n","protected":false},"author":20,"featured_media":347718,"comment_status":"closed","ping_status":"closed","sticky":false,"template":"","format":"standard","meta":[],"categories":[3839,3846,5951],"tags":[5981,6093,652],"_links":{"self":[{"href":"http:\/\/desarrollo.grupomedios.com\/futbol\/wp-json\/wp\/v2\/posts\/347717"}],"collection":[{"href":"http:\/\/desarrollo.grupomedios.com\/futbol\/wp-json\/wp\/v2\/posts"}],"about":[{"href":"http:\/\/desarrollo.grupomedios.com\/futbol\/wp-json\/wp\/v2\/types\/post"}],"author":[{"embeddable":true,"href":"http:\/\/desarrollo.grupomedios.com\/futbol\/wp-json\/wp\/v2\/users\/20"}],"replies":[{"embeddable":true,"href":"http:\/\/desarrollo.grupomedios.com\/futbol\/wp-json\/wp\/v2\/comments?post=347717"}],"version-history":[{"count":0,"href":"http:\/\/desarrollo.grupomedios.com\/futbol\/wp-json\/wp\/v2\/posts\/347717\/revisions"}],"wp:featuredmedia":[{"embeddable":true,"href":"http:\/\/desarrollo.grupomedios.com\/futbol\/wp-json\/wp\/v2\/media\/347718"}],"wp:attachment":[{"href":"http:\/\/desarrollo.grupomedios.com\/futbol\/wp-json\/wp\/v2\/media?parent=347717"}],"wp:term":[{"taxonomy":"category","embeddable":true,"href":"http:\/\/desarrollo.grupomedios.com\/futbol\/wp-json\/wp\/v2\/categories?post=347717"},{"taxonomy":"post_tag","embeddable":true,"href":"http:\/\/desarrollo.grupomedios.com\/futbol\/wp-json\/wp\/v2\/tags?post=347717"}],"curies":[{"name":"wp","href":"https:\/\/api.w.org\/{rel}","templated":true}]}}