{"id":347721,"date":"2016-01-10T10:59:31","date_gmt":"2016-01-10T16:59:31","guid":{"rendered":"http:\/\/futboltotal.com.mx\/?p=347721"},"modified":"2016-01-10T11:42:15","modified_gmt":"2016-01-10T17:42:15","slug":"el-mensaje-de-modric-para-benitez","status":"publish","type":"post","link":"http:\/\/desarrollo.grupomedios.com\/futbol\/futbol-internacional\/el-mensaje-de-modric-para-benitez\/2016\/01","title":{"rendered":"El mensaje de Modric para Ben\u00edtez"},"content":{"rendered":"<p><span style=\"color: #3366ff;\"><a style=\"color: #3366ff;\" href=\"http:\/\/futboltotal.com.mx\/2016\/01\/zidane-y-la-bbc-protagonistas-en-goleada-del-real-madrid\/\">Real Madrid maravill\u00f3 en su presentaci\u00f3n del s\u00e1bado<\/a><\/span> frente al Deportivo la Coru\u00f1a. En el primer partido de Zinedine Zidane como estratega <em>merengue<\/em>, las cosas salieron de acuerdo a lo planeado y el p\u00fablico que se dio cita en el Santiago Bernab\u00e9u sali\u00f3 con sensaciones positivas e ilusionantes de cara al resto del curso.<\/p>\n<p>Muchos futbolistas de la plantilla mostraron su regocijo por el resultado y valoraron el cambio que se visualiz\u00f3 durante el cotejo. Uno de ellos fue Luka Modric, que analiz\u00f3 la victoria del Real Madrid y valor\u00f3 la presencia de Zidane. El croata asegur\u00f3 estar agradecido a Rafa Ben\u00edtez, aunque no dudo en reconocer que, a su juicio, el cambio de t\u00e9cnico le ha venido bien al equipo.<\/p>\n<p>&#8220;Lo siento por Rafa y me gustar\u00eda darle las gracias por su trabajo, pero siendo honestos y viendo el partido de hoy, creo que el cambio viene bien. Cuando se pierde siempre hay alguien que lo paga. Pero para ser honestos s\u00f3lo hay que comparar este partido con los anteriores&#8221;, sentenci\u00f3.<\/p>\n<p>Y fue m\u00e1s all\u00e1 Modric, afirmando que una de las modificaciones que hicieron posible la vapuleada &#8220;ha sido la actitud&#8221;. Para el croata &#8220;la actitud del equipo fue diferente y ojal\u00e1 que sigamos as\u00ed&#8221;.<\/p>\n<p>Uno m\u00e1s de los que habl\u00f3 fue Isco. El malacitano public\u00f3 en Instagram su sentir y caus\u00f3 pol\u00e9mica con el mensaje.<\/p>\n<blockquote class=\"instagram-media\" style=\"background: #FFF; border: 0; border-radius: 3px; box-shadow: 0 0 1px 0 rgba(0,0,0,0.5),0 1px 10px 0 rgba(0,0,0,0.15); margin: 1px; max-width: 658px; padding: 0; width: calc(100% - 2px);\" data-instgrm-captioned=\"\" data-instgrm-version=\"6\">\n<div style=\"padding: 8px;\">\n<div style=\"background: #F8F8F8; line-height: 0; margin-top: 40px; padding: 50.0% 0; text-align: center; width: 100%;\"><\/div>\n<p style=\"margin: 8px 0 0 0; padding: 0 4px;\"><a style=\"color: #000; font-family: Arial,sans-serif; font-size: 14px; font-style: normal; font-weight: normal; line-height: 17px; text-decoration: none; word-wrap: break-word;\" href=\"https:\/\/www.instagram.com\/p\/BAVi7YHOd_d\/\" target=\"_blank\">Contento por la victoria y feliz por volver a disfrutar del futbol\u26bd\ufe0f\u26bd\ufe0f??<\/a><\/p>\n<p style=\"color: #c9c8cd; font-family: Arial,sans-serif; font-size: 14px; line-height: 17px; margin-bottom: 0; margin-top: 8px; overflow: hidden; padding: 8px 0 7px; text-align: center; text-overflow: ellipsis; white-space: nowrap;\">Una foto publicada por Isco Alarcon Suarez (@iscoalarcon) el <time style=\"font-family: Arial,sans-serif; font-size: 14px; line-height: 17px;\" datetime=\"2016-01-09T23:25:30+00:00\">9 de Ene de 2016 a la(s) 3:25 PST<\/time><\/p>\n<\/div>\n<\/blockquote>\n<p><script src=\"\/\/platform.instagram.com\/en_US\/embeds.js\" async=\"\" defer=\"defer\"><\/script><\/p>\n<p style=\"text-align: center;\"><span style=\"color: #3366ff;\"><a style=\"color: #3366ff;\" href=\"http:\/\/futboltotal.com.mx\/2016\/01\/sigue-la-actualidad-de-los-fichajes-en-europa\/\">LEER M\u00c1S: Sigue la actualidad del mercado de fichajes. <\/a><\/span><\/p>\n","protected":false},"excerpt":{"rendered":"<p>El croata se mostr\u00f3 feliz por el cambio en el banquillo aunque desea la mejor de las suertes para su exentrenador<\/p>\n","protected":false},"author":20,"featured_media":347727,"comment_status":"closed","ping_status":"closed","sticky":false,"template":"","format":"standard","meta":[],"categories":[3839,3844,5951],"tags":[6071,6683,5988,2215],"_links":{"self":[{"href":"http:\/\/desarrollo.grupomedios.com\/futbol\/wp-json\/wp\/v2\/posts\/347721"}],"collection":[{"href":"http:\/\/desarrollo.grupomedios.com\/futbol\/wp-json\/wp\/v2\/posts"}],"about":[{"href":"http:\/\/desarrollo.grupomedios.com\/futbol\/wp-json\/wp\/v2\/types\/post"}],"author":[{"embeddable":true,"href":"http:\/\/desarrollo.grupomedios.com\/futbol\/wp-json\/wp\/v2\/users\/20"}],"replies":[{"embeddable":true,"href":"http:\/\/desarrollo.grupomedios.com\/futbol\/wp-json\/wp\/v2\/comments?post=347721"}],"version-history":[{"count":0,"href":"http:\/\/desarrollo.grupomedios.com\/futbol\/wp-json\/wp\/v2\/posts\/347721\/revisions"}],"wp:featuredmedia":[{"embeddable":true,"href":"http:\/\/desarrollo.grupomedios.com\/futbol\/wp-json\/wp\/v2\/media\/347727"}],"wp:attachment":[{"href":"http:\/\/desarrollo.grupomedios.com\/futbol\/wp-json\/wp\/v2\/media?parent=347721"}],"wp:term":[{"taxonomy":"category","embeddable":true,"href":"http:\/\/desarrollo.grupomedios.com\/futbol\/wp-json\/wp\/v2\/categories?post=347721"},{"taxonomy":"post_tag","embeddable":true,"href":"http:\/\/desarrollo.grupomedios.com\/futbol\/wp-json\/wp\/v2\/tags?post=347721"}],"curies":[{"name":"wp","href":"https:\/\/api.w.org\/{rel}","templated":true}]}}