{"id":347774,"date":"2016-01-10T11:06:47","date_gmt":"2016-01-10T17:06:47","guid":{"rendered":"http:\/\/futboltotal.com.mx\/?p=347774"},"modified":"2016-01-10T13:19:44","modified_gmt":"2016-01-10T19:19:44","slug":"marco-fabian-debuta-con-sonrisas-en-el-eintracht-frankfurt","status":"publish","type":"post","link":"http:\/\/desarrollo.grupomedios.com\/futbol\/destacado-home\/marco-fabian-debuta-con-sonrisas-en-el-eintracht-frankfurt\/2016\/01","title":{"rendered":"Marco Fabi\u00e1n debuta con sonrisas en el Eintracht Frankfurt"},"content":{"rendered":"<p><strong>Marco Fabi\u00e1n<\/strong> disput\u00f3 su primer encuentro con la camiseta del <strong>Eintracht Frankfurt<\/strong>. La escuadra alemana sostuvo un encuentro amistoso ante el Al-Alhi en Abu Dhabi, territorio donde preparan su pretemporada de cara al reinicio de la segunda parte de la Bundesliga.<\/p>\n<p>El campe\u00f3n ol\u00edmipico con M\u00e9xico en Londres 2012 arranc\u00f3 en el 11 titular y disput\u00f3 los 90 minutos del encuentro que su equipo gan\u00f3 5-1 gracias a los tantos de Alexander Meier, que marc\u00f3 doblete, Huszti, Waldschmidt y Gacinovic completaron el registro de goles. De parte de los rivales, Salman se encarg\u00f3 de firmar la anotaci\u00f3n de la honra.<\/p>\n<p>El 11 que mand\u00f3 el estratega Armin Veh a la cancha fue: Hradecky, Chandler, Russ, Abraham, Oczipka, Stendera, Hasebe, Aigner, Huszti, <strong>Marco Fabi\u00e1n<\/strong> y Meier. El encuentro siguiente del Eintracht ser\u00e1 ante el Borussia Dortmund, el pr\u00f3ximo martes en su segunda prueba de esta mini pretemporada.<\/p>\n<p>El Frankfurt marcha 14 en la Bundesliga y con Marco Fabi\u00e1n como uno de los fichajes estelares en este mercado de invierno, las \u00c1guilas esperan salir pronto de la zona peligrosa del certamen. El pr\u00f3ximo 24 de enero reciben al Wolfsburg en lo que podr\u00eda resultar el estreno de Fabi\u00e1n en la Bundesliga.<\/p>\n<p style=\"text-align: center;\"><strong><span style=\"color: #3366ff;\"><a style=\"color: #3366ff;\" href=\"http:\/\/futboltotal.com.mx\/2016\/01\/el-estadio-en-el-que-chicharito-desea-jugar\/\">LEER M\u00c1S: Chicharito revela el estadio en el que le gustar\u00eda jugar. <\/a><\/span><\/strong><\/p>\n","protected":false},"excerpt":{"rendered":"<p>El rol del mexicano en su nuevo equipo parece que ser\u00e1 fundamental <\/p>\n","protected":false},"author":20,"featured_media":347778,"comment_status":"closed","ping_status":"closed","sticky":false,"template":"","format":"standard","meta":[],"categories":[5,3839],"tags":[3588,131],"_links":{"self":[{"href":"http:\/\/desarrollo.grupomedios.com\/futbol\/wp-json\/wp\/v2\/posts\/347774"}],"collection":[{"href":"http:\/\/desarrollo.grupomedios.com\/futbol\/wp-json\/wp\/v2\/posts"}],"about":[{"href":"http:\/\/desarrollo.grupomedios.com\/futbol\/wp-json\/wp\/v2\/types\/post"}],"author":[{"embeddable":true,"href":"http:\/\/desarrollo.grupomedios.com\/futbol\/wp-json\/wp\/v2\/users\/20"}],"replies":[{"embeddable":true,"href":"http:\/\/desarrollo.grupomedios.com\/futbol\/wp-json\/wp\/v2\/comments?post=347774"}],"version-history":[{"count":0,"href":"http:\/\/desarrollo.grupomedios.com\/futbol\/wp-json\/wp\/v2\/posts\/347774\/revisions"}],"wp:featuredmedia":[{"embeddable":true,"href":"http:\/\/desarrollo.grupomedios.com\/futbol\/wp-json\/wp\/v2\/media\/347778"}],"wp:attachment":[{"href":"http:\/\/desarrollo.grupomedios.com\/futbol\/wp-json\/wp\/v2\/media?parent=347774"}],"wp:term":[{"taxonomy":"category","embeddable":true,"href":"http:\/\/desarrollo.grupomedios.com\/futbol\/wp-json\/wp\/v2\/categories?post=347774"},{"taxonomy":"post_tag","embeddable":true,"href":"http:\/\/desarrollo.grupomedios.com\/futbol\/wp-json\/wp\/v2\/tags?post=347774"}],"curies":[{"name":"wp","href":"https:\/\/api.w.org\/{rel}","templated":true}]}}