{"id":348241,"date":"2016-01-12T19:03:26","date_gmt":"2016-01-13T01:03:26","guid":{"rendered":"http:\/\/futboltotal.com.mx\/?p=348241"},"modified":"2016-01-13T19:54:47","modified_gmt":"2016-01-14T01:54:47","slug":"se-dan-a-conocer-nominados-al-premio-concacaf","status":"publish","type":"post","link":"http:\/\/desarrollo.grupomedios.com\/futbol\/destacado-home\/se-dan-a-conocer-nominados-al-premio-concacaf\/2016\/01","title":{"rendered":"Mexicanos nominados a lo mejor de CONCACAF"},"content":{"rendered":"<p>Con mexicanos, en la mayor\u00eda de las categor\u00edas a calificar, se han dado a conocer los <strong>Premios CONCACAF<\/strong>, que premiar\u00e1n a los mejores elementos de la regi\u00f3n en el 2015.<\/p>\n<p>\u201c<strong>CONCACAF<\/strong> se complace en anunciar que &#8211; por tercera vez &#8211; los logros m\u00e1s destacados de los jugadores, entrenadores y \u00e1rbitros de nuestra regi\u00f3n ser\u00e1n reconocidos\u201d, con este mensaje la Confederaci\u00f3n dio a conocer las ternas elegidas: Jugador del a\u00f1o, portero del a\u00f1o, entrenador del a\u00f1o, \u00e1rbitro del a\u00f1o y el once ideal, tanto en la rama femenil como en la varonil; adem\u00e1s de elegir el mejor gol del a\u00f1o.<\/p>\n<p>Javier Hern\u00e1ndez, Andr\u00e9s Guardado, Jes\u00fas &#8216;Tecatito&#8217; Corona, Oribe Peralta e Hirving Lozano, aparecen como elegibles para recibir el <strong>premio al jugador del a\u00f1o<\/strong>, mientras que Mois\u00e9s Mu\u00f1oz y Guillermo Ochoa en la terna del <strong>mejor portero<\/strong>. Adem\u00e1s, Miguel Herrera y Ra\u00fal Guti\u00e9rrez son elegibles para el premio al <strong>mejor entrenador<\/strong>.<\/p>\n<p style=\"text-align: center;\"><strong><span style=\"color: #3366ff;\"><a style=\"color: #3366ff;\" href=\"http:\/\/futboltotal.com.mx\/2016\/01\/miguel-herrera-nominado-a-mejor-tecnico-de-concacaf\/\">LEER M\u00c1S: Miguel Herrera, nominado al mejor t\u00e9cnico de CONCACAF<\/a><\/span><\/strong><\/p>\n<p>Por su parte Cecilia Santiago buscar\u00e1 llevarse el cetro a la <strong>portera del a\u00f1o<\/strong>, mientras que Fernando Guerrero, Roberto Garc\u00eda, adem\u00e1s de Lucia Venegas y Quetzalli Alvarado buscaran llevarse los premios a los <strong>mejores \u00e1rbitros<\/strong>, tanto varonil como en femenil.<\/p>\n<p>De igual manera, Andr\u00e9s Guardado, Paul Aguilar y Javier Hern\u00e1ndez buscar\u00e1n llevarse el cetro al <strong>mejor gol del a\u00f1o<\/strong>, los tres destacaron con excelsas rubricas dentro de la Selecci\u00f3n Mexicana.<\/p>\n<p><iframe loading=\"lazy\" src=\"https:\/\/www.youtube.com\/embed\/qD0XKKhmF94?feature=oembed\" frameborder=\"0\" allowfullscreen><\/iframe><\/p>\n<p>Las votaciones, que se compondr\u00e1n de un 33.3 por ciento por aficionados, entrenadores y capitanes de los equipos, y medios de comunicaci\u00f3n, finalizar\u00e1n el pr\u00f3ximo lunes 18 de enero, y los ganadores al Premio CONCACAF\u00a0se dar\u00e1n a conocer a trav\u00e9s de la p\u00e1gina web de la confederaci\u00f3n.<\/p>\n","protected":false},"excerpt":{"rendered":"<p>Chicharito, Guardado, Peralta y Lozano compiten por el premio a jugador del a\u00f1o<\/p>\n","protected":false},"author":20,"featured_media":348290,"comment_status":"closed","ping_status":"closed","sticky":false,"template":"","format":"standard","meta":[],"categories":[5,3839,3847,5950],"tags":[6046,2112,549,5991,65,635,62,6688],"_links":{"self":[{"href":"http:\/\/desarrollo.grupomedios.com\/futbol\/wp-json\/wp\/v2\/posts\/348241"}],"collection":[{"href":"http:\/\/desarrollo.grupomedios.com\/futbol\/wp-json\/wp\/v2\/posts"}],"about":[{"href":"http:\/\/desarrollo.grupomedios.com\/futbol\/wp-json\/wp\/v2\/types\/post"}],"author":[{"embeddable":true,"href":"http:\/\/desarrollo.grupomedios.com\/futbol\/wp-json\/wp\/v2\/users\/20"}],"replies":[{"embeddable":true,"href":"http:\/\/desarrollo.grupomedios.com\/futbol\/wp-json\/wp\/v2\/comments?post=348241"}],"version-history":[{"count":0,"href":"http:\/\/desarrollo.grupomedios.com\/futbol\/wp-json\/wp\/v2\/posts\/348241\/revisions"}],"wp:featuredmedia":[{"embeddable":true,"href":"http:\/\/desarrollo.grupomedios.com\/futbol\/wp-json\/wp\/v2\/media\/348290"}],"wp:attachment":[{"href":"http:\/\/desarrollo.grupomedios.com\/futbol\/wp-json\/wp\/v2\/media?parent=348241"}],"wp:term":[{"taxonomy":"category","embeddable":true,"href":"http:\/\/desarrollo.grupomedios.com\/futbol\/wp-json\/wp\/v2\/categories?post=348241"},{"taxonomy":"post_tag","embeddable":true,"href":"http:\/\/desarrollo.grupomedios.com\/futbol\/wp-json\/wp\/v2\/tags?post=348241"}],"curies":[{"name":"wp","href":"https:\/\/api.w.org\/{rel}","templated":true}]}}