{"id":348321,"date":"2016-01-13T14:43:02","date_gmt":"2016-01-13T20:43:02","guid":{"rendered":"http:\/\/futboltotal.com.mx\/?p=348321"},"modified":"2016-01-13T14:43:02","modified_gmt":"2016-01-13T20:43:02","slug":"as-roma-destituye-a-rudi-garcia","status":"publish","type":"post","link":"http:\/\/desarrollo.grupomedios.com\/futbol\/futbol-internacional\/as-roma-destituye-a-rudi-garcia\/2016\/01","title":{"rendered":"AS Roma destituye a Rudi Garc\u00eda"},"content":{"rendered":"<p><strong>AS Roma<\/strong> destituy\u00f3 a su entrenador <strong>Rudi Garc\u00eda<\/strong>, tras el empate del pasado s\u00e1bado 1-1 frente al Mil\u00e1n, que deja al equipo romano quinto en la Serie A, a siete puntos del l\u00edder, el equipo N\u00e1poles.<\/p>\n<p>Al respecto, el t\u00e9cnico franc\u00e9s, de 51 a\u00f1os, asegur\u00f3 ser &#8220;un hombre de futbol, s\u00e9 que estas cosas pasan en la vida de un entrenador&#8221;, public\u00f3 la Uni\u00f3n de Asociaciones Europeas de Futbol (UEFA), en su sitio oficial.<\/p>\n<p style=\"text-align: center;\"><span style=\"color: #3366ff;\"><strong><a style=\"color: #3366ff;\" href=\"http:\/\/futboltotal.com.mx\/futbol-internacional\/\">LEER M\u00c1S: Todas las noticias de futbol internacional<\/a><\/strong><\/span><\/p>\n<p>El ex entrenador del Lille fich\u00f3 por la Roma en junio de 2013 y logr\u00f3 un r\u00e9cord de 10 victorias consecutivas con la Roma en la Serie A, al inicio de su primera temporada, pero los 85 puntos de su club al final de la pasada liga (tambi\u00e9n r\u00e9cord del club) no fueron suficientes para evitar el t\u00edtulo de la Juventus.<\/p>\n<p>El equipo de Garc\u00eda acab\u00f3 tambi\u00e9n segundo tras la Juventus en 2014-2015 y esta temporada en la Champions League se meti\u00f3 a octavos de final, donde se medir\u00e1 con el Real Madrid.<\/p>\n<p>En tanto, el mes pasado qued\u00f3 eliminado por sorpresa en la Copa de Italia, tras una tanda de penaltis ante el Spezia.<\/p>\n","protected":false},"excerpt":{"rendered":"<p>El DT franc\u00e9s se va tras casi dos a\u00f1os en los que no pudo conseguir t\u00edtulos<\/p>\n","protected":false},"author":20,"featured_media":348325,"comment_status":"closed","ping_status":"closed","sticky":false,"template":"","format":"standard","meta":[],"categories":[3839,3848,5951],"tags":[2618,6603,5958],"_links":{"self":[{"href":"http:\/\/desarrollo.grupomedios.com\/futbol\/wp-json\/wp\/v2\/posts\/348321"}],"collection":[{"href":"http:\/\/desarrollo.grupomedios.com\/futbol\/wp-json\/wp\/v2\/posts"}],"about":[{"href":"http:\/\/desarrollo.grupomedios.com\/futbol\/wp-json\/wp\/v2\/types\/post"}],"author":[{"embeddable":true,"href":"http:\/\/desarrollo.grupomedios.com\/futbol\/wp-json\/wp\/v2\/users\/20"}],"replies":[{"embeddable":true,"href":"http:\/\/desarrollo.grupomedios.com\/futbol\/wp-json\/wp\/v2\/comments?post=348321"}],"version-history":[{"count":0,"href":"http:\/\/desarrollo.grupomedios.com\/futbol\/wp-json\/wp\/v2\/posts\/348321\/revisions"}],"wp:featuredmedia":[{"embeddable":true,"href":"http:\/\/desarrollo.grupomedios.com\/futbol\/wp-json\/wp\/v2\/media\/348325"}],"wp:attachment":[{"href":"http:\/\/desarrollo.grupomedios.com\/futbol\/wp-json\/wp\/v2\/media?parent=348321"}],"wp:term":[{"taxonomy":"category","embeddable":true,"href":"http:\/\/desarrollo.grupomedios.com\/futbol\/wp-json\/wp\/v2\/categories?post=348321"},{"taxonomy":"post_tag","embeddable":true,"href":"http:\/\/desarrollo.grupomedios.com\/futbol\/wp-json\/wp\/v2\/tags?post=348321"}],"curies":[{"name":"wp","href":"https:\/\/api.w.org\/{rel}","templated":true}]}}