{"id":348496,"date":"2016-01-13T23:00:55","date_gmt":"2016-01-14T05:00:55","guid":{"rendered":"http:\/\/futboltotal.com.mx\/?p=348496"},"modified":"2016-01-14T19:32:43","modified_gmt":"2016-01-15T01:32:43","slug":"lopetegui-revolucionaria-al-america","status":"publish","type":"post","link":"http:\/\/desarrollo.grupomedios.com\/futbol\/destacado-home\/lopetegui-revolucionaria-al-america\/2016\/01","title":{"rendered":"Lopetegui, un cazatalentos para el Am\u00e9rica"},"content":{"rendered":"<p>En 2004, Julen Lopetegui, de origen Vasco, hab\u00eda tenido que buscar otras maneras de seguir ligado al futbol, su m\u00e1s grande pasi\u00f3n. Despu\u00e9s de haber sido emblema del Logro\u00f1es durante tres a\u00f1os (1991-94), en los que sufri\u00f3 un pu\u00f1o de lesiones en la espalda que le impidieron brillar como recambio de Andoni Zubizarreta en el Barcelona, termin\u00f3 por colgar los guantes en el Rayo Vallecano.<\/p>\n<p>\u201cTen\u00eda un problema en dos hernias discales que desarrolle en el <em>Logro<\/em>. No medejaban estar al 100 por ciento ,pero tampoco me apartaban ni me quitaban el deseo de jugar. Esa \u00e9poca fue muy frustrante\u201d, dijo el entrenador, nacido el 29 de agosto de 1966 en Asteasu, Guip\u00fazcoa. \u201cMi lesi\u00f3n no la iba a curar nunca. Nunca me encontr\u00e9 igual que en el Logro\u00f1\u00e9s, donde estuve en mi plenitud f\u00edsica&#8221;.<\/p>\n<p>Y esa forma que encontr\u00f3 Lopetegui no fue otra que como entrenador. La decisi\u00f3n la tom\u00f3 en 2003, durante sus \u00faltimos d\u00eda en Vallecas y la puso en marcha un a\u00f1o despu\u00e9s tratando de ascenderlo a Primera Divisi\u00f3n. Eso s\u00ed, para su infortunio la directiva de los madrile\u00f1os tuvo poca paciencia y lo destituy\u00f3.<\/p>\n<p style=\"text-align: center;\"><span style=\"color: #3366ff;\"><strong><a style=\"color: #3366ff;\" href=\"http:\/\/futboltotal.com.mx\/2016\/01\/lopetegui-suena-para-dirigir-al-america\/\">LEER M\u00c1S: Lopetegui suena para dirigir al Am\u00e9rica<\/a><\/strong><\/span><\/p>\n<p>Sin embargo, aquella breve experiencia hizo que Julen Lopetegui llegar\u00e1 al Real Madrid Castilla, donde pudo explotar uno de sus mayores habilidades: cazar talentos. Estuvo un a\u00f1o como ojeador internacional del equipo mirando chicos en eclosi\u00f3n que ten\u00edan cualidades para llegar al primer equipo.<\/p>\n<p>\u201cSe pod\u00eda pasar horas vi\u00e9ndoles correr de aqu\u00ed para all\u00e1, los estudiaba como muy pocos y siempre tuvo mucha cercan\u00eda, tacto y poder de convencimiento con los jugadores\u201d. As\u00ed lo recuerda Fernando Hierro, quien en 2010 lo llamo por tel\u00e9fono para invitarlo para dirigir la Sub-19 de Espa\u00f1a.<\/p>\n<p>El trabajo que hizo con la <em>Rojita,<\/em> a la que lleg\u00f3 en 2011 y gui\u00f3 a un bicampeonato, le abri\u00f3 las puertas del Porto en el verano de 2014. Lleg\u00f3 despu\u00e9s de que el club hab\u00eda sido desmantelado con pesos pesados como James Rodr\u00edguez y Jackson Mart\u00ednez. Aun as\u00ed asumi\u00f3 el reto de armar un nuevo proyecto con un modesto presupuesto al que sac\u00f3 jug\u00f3 tras poner en pr\u00e1ctica su buen ojo cl\u00ednico y fichar caras nuevas como Olive Torres, Bruno Martins Indi, Casemiro, Tello y Brahimi.<\/p>\n<p>\u201cM\u00e1s que una plantilla de grandes nombres lo que necesitas es armar un equipo competitivo. No es f\u00e1cil conseguirlo. Un jugador no es un Play Station, siempre debe sentirse liberado, c\u00f3modo y arropado por el t\u00e9cnico, sino las cosas no terminan bien\u201d, dijo Lopetegui.<\/p>\n<p>Y no le sali\u00f3 nada mal. En su primer a\u00f1o llev\u00f3 a los <em>Dragones<\/em> a pelear con el Benfica palmo a palmo el campeonato luso en el que termin\u00f3 en el segundo puesto. En la Liga de Campeones lleg\u00f3 hasta Cuartos de Final y, aunque el Bayern M\u00fanich le dio una remontada \u00e9pica, en el duelo de ida lo puso en jaque con una victoria 3-1. Eso sin contar que consigui\u00f3 definir el estilo de juego del Porto, basado en la tenencia y toque de pelota, adem\u00e1s de arropar a todos los refuerzos que hab\u00edan adolecido de protagonismo en sus clubes anteriores.<\/p>\n<p>A Julen le hab\u00eda pasado lo mismo. Salvo en el Logro\u00f1\u00e9s, en el Castilla y el Barcelona no despunt\u00f3 y con el Rayo nunca encontr\u00f3 su mejor forma. De alguna manera no quer\u00eda repetir la historia que vivi\u00f3 en sus a\u00f1os como guardameta.<\/p>\n<p>&#8220;Cuando un jugador se siente vac\u00edo hay que inyectarle \u00e1nimo, no hay nada mejor que una convocatoria. Hay casos concretos como los de Casemiro, que necesitaba sentirse importante, solo as\u00ed encontrar\u00eda su mejor rendimiento. Apost\u00e9 por Torres al igual que cuando lo llev\u00e9 a la Selecci\u00f3n, Tello necesitaba lo mismo y solo hab\u00eda que darle un poco de confianza&#8221;, resumi\u00f3 Lopetegui, a quien Torres defini\u00f3 &#8220;como si fuera un padre&#8221;.<\/p>\n<p>Esta temporada pintaba para seguir con la revoluci\u00f3n en el equipo y apost\u00f3 por jugadores mexicanos como Jes\u00fas Tecatito Corona y Miguel Lay\u00fan, aunado a H\u00e9ctor Herrera al que arrop\u00f3 pese a no ser obra de sus visor\u00edas. De cada uno obtuvo la mejor versi\u00f3n. Tecatito irrumpi\u00f3 como goleador, Lay\u00fan como el mejor defensa asistidor y HH tuvo respaldo en sus horas m\u00e1s bajas.<\/p>\n<p>Pero Julen fue destituido tras una mala racha de resultados con el Porto y en el club ya le echan de menos. &#8220;Los jugadores hicimos las cosas mal, es un gran t\u00e9cnico&#8221;, dijo Tecatito.<\/p>\n<p>Julen Lopetegui dej\u00f3 al Porto hace unos d\u00edas y tras la despedida en una emotiva carta a sus jugadores ya comienza a sonar en otras latitudes; M\u00e9xico es una de ellas y el posible destino Am\u00e9rica,\u00a0 club dirigido por Ignacio Ambriz, y cuya continuidad depende de los t\u00edtulos. Por ahora es un simple rumor, pero si llegara al club no hay duda de que ser\u00eda una gran apuesta.<\/p>\n<p style=\"text-align: center;\"><span style=\"color: #3366ff;\"><strong><a style=\"color: #3366ff;\" href=\"http:\/\/futboltotal.com.mx\/futbol-internacional\/\">LEER M\u00c1S: Todas las noticias de futbol internacional<\/a><\/strong><\/span><\/p>\n","protected":false},"excerpt":{"rendered":"<p>El timonel espa\u00f1ol tiene virtudes que lo hacen una gran apuesta para el club azulcrema<\/p>\n","protected":false},"author":20,"featured_media":348501,"comment_status":"closed","ping_status":"closed","sticky":false,"template":"","format":"standard","meta":[],"categories":[5,2198,3845],"tags":[5959,6407],"_links":{"self":[{"href":"http:\/\/desarrollo.grupomedios.com\/futbol\/wp-json\/wp\/v2\/posts\/348496"}],"collection":[{"href":"http:\/\/desarrollo.grupomedios.com\/futbol\/wp-json\/wp\/v2\/posts"}],"about":[{"href":"http:\/\/desarrollo.grupomedios.com\/futbol\/wp-json\/wp\/v2\/types\/post"}],"author":[{"embeddable":true,"href":"http:\/\/desarrollo.grupomedios.com\/futbol\/wp-json\/wp\/v2\/users\/20"}],"replies":[{"embeddable":true,"href":"http:\/\/desarrollo.grupomedios.com\/futbol\/wp-json\/wp\/v2\/comments?post=348496"}],"version-history":[{"count":0,"href":"http:\/\/desarrollo.grupomedios.com\/futbol\/wp-json\/wp\/v2\/posts\/348496\/revisions"}],"wp:featuredmedia":[{"embeddable":true,"href":"http:\/\/desarrollo.grupomedios.com\/futbol\/wp-json\/wp\/v2\/media\/348501"}],"wp:attachment":[{"href":"http:\/\/desarrollo.grupomedios.com\/futbol\/wp-json\/wp\/v2\/media?parent=348496"}],"wp:term":[{"taxonomy":"category","embeddable":true,"href":"http:\/\/desarrollo.grupomedios.com\/futbol\/wp-json\/wp\/v2\/categories?post=348496"},{"taxonomy":"post_tag","embeddable":true,"href":"http:\/\/desarrollo.grupomedios.com\/futbol\/wp-json\/wp\/v2\/tags?post=348496"}],"curies":[{"name":"wp","href":"https:\/\/api.w.org\/{rel}","templated":true}]}}