{"id":348647,"date":"2016-01-14T17:56:39","date_gmt":"2016-01-14T23:56:39","guid":{"rendered":"http:\/\/futboltotal.com.mx\/?p=348647"},"modified":"2016-01-14T18:02:00","modified_gmt":"2016-01-15T00:02:00","slug":"humberto-suazo-se-retira-hablan-en-redes-sociales","status":"publish","type":"post","link":"http:\/\/desarrollo.grupomedios.com\/futbol\/futbol-mexicano\/humberto-suazo-se-retira-hablan-en-redes-sociales\/2016\/01","title":{"rendered":"Humberto Suazo se retira, hablan en redes sociales"},"content":{"rendered":"<p>Todo parece indicar que la carrera futbol\u00edstica del chileno <strong>Humberto Suazo<\/strong>, ex jugador de los <em>Rayados<\/em> de\u00a0<strong>Monterrey<\/strong> ha llegado a su fin, o al menos as\u00ed se ha dejado ver el tema en las redes sociales.<\/p>\n<p>Hace apenas algunos minutos, la cuenta de Nathalie Ju\u00e1rez en <em>Twitter<\/em> (@natijuarez9) dio a conocer la noticia de que el jugador <em>andino<\/em>\u00a0colg\u00f3 los bot\u00ednes. En otro mensaje, resume la carrera del jugador, en donde destaca el paso por el Colo-Colo, y sus logros con el conjunto <em>albiazul<\/em>.<\/p>\n<blockquote class=\"twitter-tweet\" width=\"500\">\n<p lang=\"es\" dir=\"ltr\">Humberto Suazo anuncia oficialmente su retiro. El anotador hist\u00f3rico de <a href=\"https:\/\/twitter.com\/Rayados\">@Rayados<\/a> colg\u00f3 los botines. <a href=\"https:\/\/twitter.com\/UnivisionSports\">@UnivisionSports<\/a><\/p>\n<p>&mdash; Nathalie Ju\u00e1rez (@natjuarez9) <a href=\"https:\/\/twitter.com\/natjuarez9\/status\/687767725263880192\">January 14, 2016<\/a><\/p><\/blockquote>\n<p><script async src=\"\/\/platform.twitter.com\/widgets.js\" charset=\"utf-8\"><\/script><\/p>\n<blockquote class=\"twitter-tweet\" width=\"500\">\n<p lang=\"es\" dir=\"ltr\">Suazo pone fin a su carrera a sus 34 a\u00f1os de edad,tras su paso x <a href=\"https:\/\/twitter.com\/ColoColo\">@ColoColo<\/a> y antes  2 t\u00edtulos de Liga y 3 de CONCACAF con <a href=\"https:\/\/twitter.com\/Rayados\">@Rayados<\/a><\/p>\n<p>&mdash; Nathalie Ju\u00e1rez (@natjuarez9) <a href=\"https:\/\/twitter.com\/natjuarez9\/status\/687769953924087809\">January 14, 2016<\/a><\/p><\/blockquote>\n<p><script async src=\"\/\/platform.twitter.com\/widgets.js\" charset=\"utf-8\"><\/script><\/p>\n<p>Al parecer, dicho anuncio\u00a0lo habr\u00eda dado a conocer el representante del jugador,\u00a0Fernando Felicevich, sin embargo a\u00fan no hay alguna declaraci\u00f3n por parte de Suazo.<\/p>\n<p style=\"text-align: center;\"><strong><span style=\"color: #3366ff;\"><a style=\"color: #3366ff;\" href=\"http:\/\/futboltotal.com.mx\/2014\/12\/10-razones-por-las-que-monterrey-extranara-a-suazo\/\">LEER M\u00c1S: 10 razones por las que Monterrey extra\u00f1ar\u00e1 a Suazo<\/a><\/span><\/strong><\/p>\n<p>A la espera del eventual anuncio oficial, varios aficionados ya han comenzado a dedicar mensajes de agradecimiento al <em>Chupete<\/em>, por todo lo logrado, tanto en Chile como en M\u00e9xico.<\/p>\n<p>Humberto Suazo milit\u00f3 en dos etapas con el conjunto del <strong>Monterrey<\/strong>, equipo con el que consigui\u00f3 ser el m\u00e1ximo romperredes del club, con 121 anotaciones, adem\u00e1s de dos t\u00edtulos de liga, tres ligas de Campeones de la CONCACAF y un tercer lugar, adem\u00e1s de dos quintos lugares con la <em>Pandilla,<\/em> en el Mundial de Clubes.<\/p>\n","protected":false},"excerpt":{"rendered":"<p>A falta de anuncio oficial, el chileno se despedir\u00eda a los 34 a\u00f1os<\/p>\n","protected":false},"author":20,"featured_media":348655,"comment_status":"closed","ping_status":"closed","sticky":false,"template":"","format":"standard","meta":[],"categories":[2198,3845,5950],"tags":[410,5966,2692],"_links":{"self":[{"href":"http:\/\/desarrollo.grupomedios.com\/futbol\/wp-json\/wp\/v2\/posts\/348647"}],"collection":[{"href":"http:\/\/desarrollo.grupomedios.com\/futbol\/wp-json\/wp\/v2\/posts"}],"about":[{"href":"http:\/\/desarrollo.grupomedios.com\/futbol\/wp-json\/wp\/v2\/types\/post"}],"author":[{"embeddable":true,"href":"http:\/\/desarrollo.grupomedios.com\/futbol\/wp-json\/wp\/v2\/users\/20"}],"replies":[{"embeddable":true,"href":"http:\/\/desarrollo.grupomedios.com\/futbol\/wp-json\/wp\/v2\/comments?post=348647"}],"version-history":[{"count":0,"href":"http:\/\/desarrollo.grupomedios.com\/futbol\/wp-json\/wp\/v2\/posts\/348647\/revisions"}],"wp:featuredmedia":[{"embeddable":true,"href":"http:\/\/desarrollo.grupomedios.com\/futbol\/wp-json\/wp\/v2\/media\/348655"}],"wp:attachment":[{"href":"http:\/\/desarrollo.grupomedios.com\/futbol\/wp-json\/wp\/v2\/media?parent=348647"}],"wp:term":[{"taxonomy":"category","embeddable":true,"href":"http:\/\/desarrollo.grupomedios.com\/futbol\/wp-json\/wp\/v2\/categories?post=348647"},{"taxonomy":"post_tag","embeddable":true,"href":"http:\/\/desarrollo.grupomedios.com\/futbol\/wp-json\/wp\/v2\/tags?post=348647"}],"curies":[{"name":"wp","href":"https:\/\/api.w.org\/{rel}","templated":true}]}}