{"id":348688,"date":"2016-01-14T21:44:03","date_gmt":"2016-01-15T03:44:03","guid":{"rendered":"http:\/\/futboltotal.com.mx\/?p=348688"},"modified":"2016-01-14T21:44:03","modified_gmt":"2016-01-15T03:44:03","slug":"van-gaal-odia-a-los-latinos-luca-toni","status":"publish","type":"post","link":"http:\/\/desarrollo.grupomedios.com\/futbol\/futbol-internacional\/van-gaal-odia-a-los-latinos-luca-toni\/2016\/01","title":{"rendered":"\u201cVan Gaal odia a los latinos\u201d, Luca Toni"},"content":{"rendered":"<p>En semanas anteriores <em>Chicharito<\/em> Hern\u00e1ndez confes\u00f3 que el t\u00e9cnico <strong>Louis van Gaal<\/strong> le advirti\u00f3 que sus posibilidades de jugar con Manchester United eran casi nulas, por eso el mexicano decidi\u00f3 cambiar de equipo; dicha advertencia sobresale luego que el delantero italiano, <strong>Luca Toni<\/strong>, afirm\u00f3 que el estratega odia a los latinos.<\/p>\n<p>&#8220;Odia a los latinos, siempre planeaba llevar a los jugadores que conoc\u00eda m\u00e1s all\u00e1 de lo que le pudieran dar en la cancha y realmente fue capaz de hacer que yo abandonara el club&#8221;, confes\u00f3 el ariete del Hellas Verona en entrevista con el portal <em>Mai Dire Calcio<\/em>.<\/p>\n<p style=\"text-align: center;\"><span style=\"color: #3366ff;\"><strong><a style=\"color: #3366ff;\" href=\"http:\/\/futboltotal.com.mx\/futbol-internacional\/\" target=\"_blank\">LEER M\u00c1S: Toda la actualidad del futbol internacional<\/a><\/strong><\/span><\/p>\n<p>En 2009, <strong>Luca Toni<\/strong> y <strong>Van Gaal<\/strong> coincidieron en el Bayer Munich, ah\u00ed el artillero no dur\u00f3 y decidi\u00f3 cambiar a la Roma por el car\u00e1cter del timonel, que adem\u00e1s ten\u00eda una clara preferencia por deportistas holandeses.<\/p>\n<p>Con los <em>Red Devils<\/em>, el t\u00e9cnico tiene bajo sus \u00f3rdenes a latinos como los argentinos Sergio Romero, Marcos Rojo; el uruguayo Guillermo Varela, el ecuatoriano Antonio Valencia; as\u00ed como los espa\u00f1oles David de Gea, Ander Herrera, Juan Mata y V\u00edctor V\u00e1ldes.<\/p>\n","protected":false},"excerpt":{"rendered":"<p>El delantero afirm\u00f3 que el DT s\u00f3lo busca talento holand\u00e9s<\/p>\n","protected":false},"author":20,"featured_media":348689,"comment_status":"closed","ping_status":"closed","sticky":false,"template":"","format":"standard","meta":[],"categories":[3839,3846,5951],"tags":[120,780,1391],"_links":{"self":[{"href":"http:\/\/desarrollo.grupomedios.com\/futbol\/wp-json\/wp\/v2\/posts\/348688"}],"collection":[{"href":"http:\/\/desarrollo.grupomedios.com\/futbol\/wp-json\/wp\/v2\/posts"}],"about":[{"href":"http:\/\/desarrollo.grupomedios.com\/futbol\/wp-json\/wp\/v2\/types\/post"}],"author":[{"embeddable":true,"href":"http:\/\/desarrollo.grupomedios.com\/futbol\/wp-json\/wp\/v2\/users\/20"}],"replies":[{"embeddable":true,"href":"http:\/\/desarrollo.grupomedios.com\/futbol\/wp-json\/wp\/v2\/comments?post=348688"}],"version-history":[{"count":0,"href":"http:\/\/desarrollo.grupomedios.com\/futbol\/wp-json\/wp\/v2\/posts\/348688\/revisions"}],"wp:featuredmedia":[{"embeddable":true,"href":"http:\/\/desarrollo.grupomedios.com\/futbol\/wp-json\/wp\/v2\/media\/348689"}],"wp:attachment":[{"href":"http:\/\/desarrollo.grupomedios.com\/futbol\/wp-json\/wp\/v2\/media?parent=348688"}],"wp:term":[{"taxonomy":"category","embeddable":true,"href":"http:\/\/desarrollo.grupomedios.com\/futbol\/wp-json\/wp\/v2\/categories?post=348688"},{"taxonomy":"post_tag","embeddable":true,"href":"http:\/\/desarrollo.grupomedios.com\/futbol\/wp-json\/wp\/v2\/tags?post=348688"}],"curies":[{"name":"wp","href":"https:\/\/api.w.org\/{rel}","templated":true}]}}