{"id":348719,"date":"2016-01-15T10:26:52","date_gmt":"2016-01-15T16:26:52","guid":{"rendered":"http:\/\/futboltotal.com.mx\/?p=348719"},"modified":"2016-01-15T14:20:01","modified_gmt":"2016-01-15T20:20:01","slug":"chicharito-posible-delantero-del-11-ideal-de-bundesliga","status":"publish","type":"post","link":"http:\/\/desarrollo.grupomedios.com\/futbol\/destacado-home\/chicharito-posible-delantero-del-11-ideal-de-bundesliga\/2016\/01","title":{"rendered":"Chicharito, posible delantero del 11 ideal de Bundesliga"},"content":{"rendered":"<p>Las m\u00faltiples distinciones individuales que le han realizado al <strong>Chicharito<\/strong>\u00a0en la <strong>Bundesliga<\/strong> podr\u00edan coronarse con un logro m\u00e1s. Ahora, la liga alemana ha colocado a Javier Hern\u00e1ndez como elegible para poder formar parte del <strong>11 ideal<\/strong> de la primera vuelta&#8230; Y\u00a0el mexicano, \u00a1est\u00e1 a nada de conseguirlo!<\/p>\n<p>En las cuentas oficiales de Twitter de la <strong>Bundesliga<\/strong>, se lanz\u00f3 una encuesta donde se busca al centro delantero del equipo ideal de la primera vuelta del torneo. El mexicano compite al lado del alem\u00e1n Pierre-Michael Lasogga, del Hamburgo, el marfile\u00f1o del Herta Berl\u00edn, Salomon Kalou y el alem\u00e1n Kevin Volland, del Hoffenheim.<\/p>\n<blockquote class=\"twitter-tweet\" width=\"500\">\n<p lang=\"en\" dir=\"ltr\">VOTE! Complete your Team of the Hinrunde! <a href=\"https:\/\/twitter.com\/bayer04_en\">@bayer04_en<\/a> <a href=\"https:\/\/twitter.com\/HSV\">@HSV<\/a> <a href=\"https:\/\/twitter.com\/HerthaBSC\">@HerthaBSC<\/a> <a href=\"https:\/\/twitter.com\/achtzehn99_en\">@achtzehn99_en<\/a> <a href=\"https:\/\/t.co\/zdGm9qnq3k\">https:\/\/t.co\/zdGm9qnq3k<\/a> <a href=\"https:\/\/twitter.com\/hashtag\/BL2015?src=hash\">#BL2015<\/a><\/p>\n<p>&mdash; Bundesliga (@Bundesliga_EN) <a href=\"https:\/\/twitter.com\/Bundesliga_EN\/status\/687956201540300801\">January 15, 2016<\/a><\/p><\/blockquote>\n<p><script async src=\"\/\/platform.twitter.com\/widgets.js\" charset=\"utf-8\"><\/script><\/p>\n<blockquote class=\"twitter-tweet\" width=\"500\">\n<p lang=\"en\" dir=\"ltr\">VOTE! Complete your Team of the Hinrunde! <a href=\"https:\/\/twitter.com\/bayer04_en\">@bayer04_en<\/a> <a href=\"https:\/\/twitter.com\/HSV\">@HSV<\/a> <a href=\"https:\/\/twitter.com\/HerthaBSC\">@HerthaBSC<\/a> <a href=\"https:\/\/twitter.com\/achtzehn99_en\">@achtzehn99_en<\/a> <a href=\"https:\/\/t.co\/zdGm9qnq3k\">https:\/\/t.co\/zdGm9qnq3k<\/a> <a href=\"https:\/\/twitter.com\/hashtag\/BL2015?src=hash\">#BL2015<\/a><\/p>\n<p>&mdash; Bundesliga (@Bundesliga_EN) <a href=\"https:\/\/twitter.com\/Bundesliga_EN\/status\/687956201540300801\">January 15, 2016<\/a><\/p><\/blockquote>\n<p><script async src=\"\/\/platform.twitter.com\/widgets.js\" charset=\"utf-8\"><\/script><\/p>\n<p>En el cuadro ideal, que ya est\u00e1 casi armado, figuran estrellas solo del Bayern Munich y del Borussia Dortmund; destacan las presencias de Manuel Neuer, Mats Hummels, Thomas M\u00fcller, \u0130lkay G\u00fcndo\u011fan, Pierre-Emerick Aubameyang y Douglas Costa, entre otros.<\/p>\n<p style=\"text-align: center;\"><strong><span style=\"color: #3366ff;\"><a style=\"color: #3366ff;\" href=\"http:\/\/futboltotal.com.mx\/2016\/01\/gol-de-chicharito-el-mejor-de-la-bundesliga\/\">LEER M\u00c1S: Gol de Chicharito, el mejor de la Bundesliga<\/a><\/span><\/strong><\/p>\n<p><strong>Chicharito<\/strong> recibi\u00f3 los reconocimientos al jugador del mes de la <strong>Bundesliga<\/strong>, en noviembre y diciembre pasados, adem\u00e1s, su primer tanto en la goleada 5-0 ante el Borussia Monchengladbach, fue reconocido como el mejor gol de la primera vuelta, por lo que es muy factible que el internacional mexicano se quede con la distinci\u00f3n en el equipo ideal.<\/p>\n<p><a href=\"http:\/\/futboltotal.com.mx\/2016\/01\/chicharito-posible-delantero-del-11-ideal-de-bundesliga\/bundesliga\/\" rel=\"attachment wp-att-348720\"><img decoding=\"async\" loading=\"lazy\" class=\"alignnone wp-image-348720 size-full\" src=\"http:\/\/futboltotal.com.mx\/wp-content\/uploads\/2016\/01\/bundesliga.jpg\" alt=\"bundesliga\" srcset=\"http:\/\/desarrollo.grupomedios.com\/futbol\/wp-content\/uploads\/2016\/01\/bundesliga.jpg 576w, http:\/\/desarrollo.grupomedios.com\/futbol\/wp-content\/uploads\/2016\/01\/bundesliga-300x169.jpg 300w\" sizes=\"(max-width: 576px) 100vw, 576px\" \/><\/a><\/p>\n","protected":false},"excerpt":{"rendered":"<p>El mexicano podr\u00eda consolidar un logro m\u00e1s en Alemania<\/p>\n","protected":false},"author":20,"featured_media":348721,"comment_status":"closed","ping_status":"closed","sticky":false,"template":"","format":"standard","meta":[],"categories":[5,3839,5951],"tags":[5623,119,120],"_links":{"self":[{"href":"http:\/\/desarrollo.grupomedios.com\/futbol\/wp-json\/wp\/v2\/posts\/348719"}],"collection":[{"href":"http:\/\/desarrollo.grupomedios.com\/futbol\/wp-json\/wp\/v2\/posts"}],"about":[{"href":"http:\/\/desarrollo.grupomedios.com\/futbol\/wp-json\/wp\/v2\/types\/post"}],"author":[{"embeddable":true,"href":"http:\/\/desarrollo.grupomedios.com\/futbol\/wp-json\/wp\/v2\/users\/20"}],"replies":[{"embeddable":true,"href":"http:\/\/desarrollo.grupomedios.com\/futbol\/wp-json\/wp\/v2\/comments?post=348719"}],"version-history":[{"count":0,"href":"http:\/\/desarrollo.grupomedios.com\/futbol\/wp-json\/wp\/v2\/posts\/348719\/revisions"}],"wp:featuredmedia":[{"embeddable":true,"href":"http:\/\/desarrollo.grupomedios.com\/futbol\/wp-json\/wp\/v2\/media\/348721"}],"wp:attachment":[{"href":"http:\/\/desarrollo.grupomedios.com\/futbol\/wp-json\/wp\/v2\/media?parent=348719"}],"wp:term":[{"taxonomy":"category","embeddable":true,"href":"http:\/\/desarrollo.grupomedios.com\/futbol\/wp-json\/wp\/v2\/categories?post=348719"},{"taxonomy":"post_tag","embeddable":true,"href":"http:\/\/desarrollo.grupomedios.com\/futbol\/wp-json\/wp\/v2\/tags?post=348719"}],"curies":[{"name":"wp","href":"https:\/\/api.w.org\/{rel}","templated":true}]}}