{"id":348837,"date":"2016-01-15T18:35:54","date_gmt":"2016-01-16T00:35:54","guid":{"rendered":"http:\/\/futboltotal.com.mx\/?p=348837"},"modified":"2016-01-15T18:40:49","modified_gmt":"2016-01-16T00:40:49","slug":"tecatito-corona-manda-mensaje-a-chupete-suazo","status":"publish","type":"post","link":"http:\/\/desarrollo.grupomedios.com\/futbol\/futbol-mexicano\/tecatito-corona-manda-mensaje-a-chupete-suazo\/2016\/01","title":{"rendered":"Tecatito Corona manda mensaje a Chupete Suazo"},"content":{"rendered":"<p>El delantero del Porto, <strong>Jes\u00fas Manuel Tecatito Corona<\/strong>, envi\u00f3 un mensaje a <strong>Humberto Chupete Suazo<\/strong><strong> a trav\u00e9s de su cuenta de Instagram, donde recuerda que comparti\u00f3 vestidor con el chileno, cuando coincidieron en <a href=\"http:\/\/futboltotal.com.mx\/equipos\/monterrey\/\" target=\"_blank\"><strong>Rayados del Monterrey<\/strong><\/a>.<\/p>\n<p>&#8220;Tengo la fortuna de contarle al mundo que jugu\u00e9 contigo pel\u00f3n y la gente te conoci\u00f3 como jugador, fuiste alguien que ya dej\u00f3 su huella, un delantero letal pero pocos te conocimos como persona y me da orgullo decir, que qu\u00e9 gran persona. Muchas felicidades hermano por esa gran carrera&#8221;, se\u00f1al\u00f3 el <strong>Tecatito<\/strong> junto a una imagen donde aparecen \u00e9l y el <strong>Chupete Suazo<\/strong>.<\/p>\n<p><a href=\"http:\/\/futboltotal.com.mx\/wp-content\/uploads\/2016\/01\/tecatito-manda-mensaje-a-chupete.png\" rel=\"attachment wp-att-348839\"><img decoding=\"async\" loading=\"lazy\" src=\"http:\/\/futboltotal.com.mx\/wp-content\/uploads\/2016\/01\/tecatito-manda-mensaje-a-chupete.png\" alt=\"tecatito-manda-mensaje--a-chupete\" class=\"alignnone size-full wp-image-348839\" srcset=\"http:\/\/desarrollo.grupomedios.com\/futbol\/wp-content\/uploads\/2016\/01\/tecatito-manda-mensaje-a-chupete.png 937w, http:\/\/desarrollo.grupomedios.com\/futbol\/wp-content\/uploads\/2016\/01\/tecatito-manda-mensaje-a-chupete-300x190.png 300w, http:\/\/desarrollo.grupomedios.com\/futbol\/wp-content\/uploads\/2016\/01\/tecatito-manda-mensaje-a-chupete-768x486.png 768w\" sizes=\"(max-width: 937px) 100vw, 937px\" \/><\/a><\/p>\n<p>Por su parte, el conjunto de <strong>Monterrey<\/strong> envi\u00f3 un comunicado donde confirmaba el retiro de Suazo y agradec\u00eda al <strong>Chupete<\/strong> por su labor en <em>Rayados<\/em>, y que, como m\u00e1ximo goleador del conjunto <em>regiomontano<\/em>, retirar\u00e1n el dorsal que \u00e9l ocup\u00f3 en el equipo.<\/p>\n<p>&#8220;Con 121 tantos repartidos en Primera Divisi\u00f3n, Liga Campeones de CONCACAF, FIFA Mundial de Clubes e Interliga, <strong>Chupete<\/strong> se hizo del cari\u00f1o de la mejor afici\u00f3n. Por tal motivo, el n\u00famero 26 que port\u00f3 durante su estancia con los del Cerro de La Silla fue retirado como homenaje por sus logros, rindiendo tributo a su esfuerzo. Suazo parti\u00f3 del <strong>Monterrey<\/strong> el 13 de diciembre de 2014 ante m\u00e1s de 10 mil personas reunidas en el Estadio Tecnol\u00f3gico, d\u00e1ndole el adi\u00f3s al gran \u00eddolo&#8221;, se\u00f1al\u00f3 <em>Rayados<\/em> en el comunicado, donde record\u00f3 <\/p>\n<p><iframe loading=\"lazy\" src=\"https:\/\/www.youtube.com\/embed\/ejKRPcKdsXc\" frameborder=\"0\" allowfullscreen><\/iframe><\/p>\n","protected":false},"excerpt":{"rendered":"<p>El delantero envi\u00f3 emotivas palabras a su ex compa\u00f1ero<\/p>\n","protected":false},"author":20,"featured_media":348840,"comment_status":"closed","ping_status":"closed","sticky":false,"template":"","format":"standard","meta":[],"categories":[3839,2198,3845,5950],"tags":[488,5966,3985],"_links":{"self":[{"href":"http:\/\/desarrollo.grupomedios.com\/futbol\/wp-json\/wp\/v2\/posts\/348837"}],"collection":[{"href":"http:\/\/desarrollo.grupomedios.com\/futbol\/wp-json\/wp\/v2\/posts"}],"about":[{"href":"http:\/\/desarrollo.grupomedios.com\/futbol\/wp-json\/wp\/v2\/types\/post"}],"author":[{"embeddable":true,"href":"http:\/\/desarrollo.grupomedios.com\/futbol\/wp-json\/wp\/v2\/users\/20"}],"replies":[{"embeddable":true,"href":"http:\/\/desarrollo.grupomedios.com\/futbol\/wp-json\/wp\/v2\/comments?post=348837"}],"version-history":[{"count":0,"href":"http:\/\/desarrollo.grupomedios.com\/futbol\/wp-json\/wp\/v2\/posts\/348837\/revisions"}],"wp:featuredmedia":[{"embeddable":true,"href":"http:\/\/desarrollo.grupomedios.com\/futbol\/wp-json\/wp\/v2\/media\/348840"}],"wp:attachment":[{"href":"http:\/\/desarrollo.grupomedios.com\/futbol\/wp-json\/wp\/v2\/media?parent=348837"}],"wp:term":[{"taxonomy":"category","embeddable":true,"href":"http:\/\/desarrollo.grupomedios.com\/futbol\/wp-json\/wp\/v2\/categories?post=348837"},{"taxonomy":"post_tag","embeddable":true,"href":"http:\/\/desarrollo.grupomedios.com\/futbol\/wp-json\/wp\/v2\/tags?post=348837"}],"curies":[{"name":"wp","href":"https:\/\/api.w.org\/{rel}","templated":true}]}}