{"id":348870,"date":"2016-01-15T20:26:43","date_gmt":"2016-01-16T02:26:43","guid":{"rendered":"http:\/\/futboltotal.com.mx\/?p=348870"},"modified":"2016-01-16T00:08:28","modified_gmt":"2016-01-16T06:08:28","slug":"ambriz-no-tiembla-por-llegada-de-lopetegui","status":"publish","type":"post","link":"http:\/\/desarrollo.grupomedios.com\/futbol\/futbol-mexicano\/ambriz-no-tiembla-por-llegada-de-lopetegui\/2016\/01","title":{"rendered":"Ambriz no tiembla por &#8216;llegada&#8217; de Lopetegui"},"content":{"rendered":"<p>Tras los rumores sobre la posible llegada de Julen Lopetegui al <a href=\"http:\/\/futboltotal.com.mx\/equipos\/america\/\" target=\"_blank\"><strong>Am\u00e9rica<\/strong><\/a>, en caso de que <strong>Ignacio Ambriz<\/strong> no logre el \u00e9xito con las <em>\u00c1guilas<\/em>; el actual estratega <em>azulcrema<\/em> declara que se siente tranquilo y respaldado por la directiva de Coapa.<\/p>\n<p><strong>Ignacio Ambriz<\/strong> se siente tranquilo en el banquillo del <strong>Am\u00e9rica<\/strong>, por la relaci\u00f3n seria que tiene con la directiva del club, pero tambi\u00e9n, reconoce que ni siquiera sab\u00eda sobre el tema, pues no acostumbra leer o seguir las noticias deportivas.<\/p>\n<p>&#8220;A m\u00ed no me molesta, primero ni lo sab\u00eda, sabes que no leo a la prensa, no veo programas y el que lo saca sabr\u00e1 algo m\u00e1s de lo que tu y yo sabemos&#8221;, se\u00f1al\u00f3 <strong>Ignacio Ambriz<\/strong>, antes de que Am\u00e9rica partiera a Guadalajara, para su partido contra Atlas, del pr\u00f3ximo s\u00e1bado 16 de enero a las 20:30 horas, correspondiente a la fecha 2 del Clausura 2016.<\/p>\n<p>Adem\u00e1s, el estratega del <strong>Am\u00e9rica<\/strong> agrega, que en su tiempo como timonel del equipo, no se ha desesperado por las cr\u00edticas sobre su llegada, o su trabajo con los <em>azulcrema<\/em>. &#8220;Desde que llegu\u00e9 siempre he sido cuestionado que si deb\u00eda estar aqu\u00ed, estoy muy tranquilo, disfrutando esto, soy el t\u00e9cnico del Am\u00e9rica y as\u00ed es como lo siento&#8221;, concluy\u00f3.<\/p>\n<p><span style=\"color: #ff0000;\">Video: Grandes partidos entre Am\u00e9rica y Atlas<\/span><\/p>\n<p>[video_player]https:\/\/player.vimeo.com\/external\/151922097.hd.mp4?s=9248db6070e7b2ba3bdfccc7858815684710b790&amp;amp;profile_id=113[\/video_player]<\/p>\n","protected":false},"excerpt":{"rendered":"<p>Nacho se siente tranquilo en el tim\u00f3n del Am\u00e9rica<\/p>\n","protected":false},"author":20,"featured_media":348876,"comment_status":"closed","ping_status":"closed","sticky":false,"template":"","format":"standard","meta":[],"categories":[2198,3845,5950],"tags":[511,6407],"_links":{"self":[{"href":"http:\/\/desarrollo.grupomedios.com\/futbol\/wp-json\/wp\/v2\/posts\/348870"}],"collection":[{"href":"http:\/\/desarrollo.grupomedios.com\/futbol\/wp-json\/wp\/v2\/posts"}],"about":[{"href":"http:\/\/desarrollo.grupomedios.com\/futbol\/wp-json\/wp\/v2\/types\/post"}],"author":[{"embeddable":true,"href":"http:\/\/desarrollo.grupomedios.com\/futbol\/wp-json\/wp\/v2\/users\/20"}],"replies":[{"embeddable":true,"href":"http:\/\/desarrollo.grupomedios.com\/futbol\/wp-json\/wp\/v2\/comments?post=348870"}],"version-history":[{"count":0,"href":"http:\/\/desarrollo.grupomedios.com\/futbol\/wp-json\/wp\/v2\/posts\/348870\/revisions"}],"wp:featuredmedia":[{"embeddable":true,"href":"http:\/\/desarrollo.grupomedios.com\/futbol\/wp-json\/wp\/v2\/media\/348876"}],"wp:attachment":[{"href":"http:\/\/desarrollo.grupomedios.com\/futbol\/wp-json\/wp\/v2\/media?parent=348870"}],"wp:term":[{"taxonomy":"category","embeddable":true,"href":"http:\/\/desarrollo.grupomedios.com\/futbol\/wp-json\/wp\/v2\/categories?post=348870"},{"taxonomy":"post_tag","embeddable":true,"href":"http:\/\/desarrollo.grupomedios.com\/futbol\/wp-json\/wp\/v2\/tags?post=348870"}],"curies":[{"name":"wp","href":"https:\/\/api.w.org\/{rel}","templated":true}]}}