{"id":348935,"date":"2016-01-16T08:46:06","date_gmt":"2016-01-16T14:46:06","guid":{"rendered":"http:\/\/futboltotal.com.mx\/?p=348935"},"modified":"2016-01-16T23:36:40","modified_gmt":"2016-01-17T05:36:40","slug":"jackson-martinez-atraviesa-su-peor-momento-goleador","status":"publish","type":"post","link":"http:\/\/desarrollo.grupomedios.com\/futbol\/futbol-internacional\/jackson-martinez-atraviesa-su-peor-momento-goleador\/2016\/01","title":{"rendered":"&#8220;Juego peor que nunca&#8221;: Jackson Mart\u00ednez"},"content":{"rendered":"<p>Hasta 8 partidos lleva<strong> Jackson Mart\u00ednez<\/strong> sin mecer las redes. No est\u00e1 acostumbrado a esa sensaci\u00f3n de impotencia. Desde sus inicios en Independiente de Medell\u00edn el ariete cafetero nunca hab\u00eda encadenado ocho jornadas sin marcar.<\/p>\n<p>Su peor momento lleg\u00f3 en la temporada 10-11, cuando a\u00fan mostraba su talento en la Liga MX. Jackson Mart\u00ednez luc\u00eda los colores de Jaguares de Chiapas y pas\u00f3 siete fechas seguidas en blanco durante el Torneo Apertura. En Colombia, su peor racha fue de cuatro, las mismas que en su etapa m\u00e1s oscura con el Porto.<\/p>\n<p>Ahora el problema es mayor. Jackson no se encuentra a s\u00ed mismo sobre el c\u00e9sped y no halla explicaci\u00f3n alguna. &#8220;Trabajo m\u00e1s que nunca y juego peor que nunca&#8221;, asegura atenazado por la ansiedad de haber completado la primera mitad del curso con s\u00f3lo tres dianas en su curr\u00edculo rojiblanco. Cifra que, por cierto, dista mucho de la que hab\u00eda firmado a estas mismas alturas de la 14-15. No en vano, hace s\u00f3lo un a\u00f1o el entonces delantero de los Dragones hab\u00eda marcado ya 22 goles.<\/p>\n<p><span style=\"color: #3366ff;\"><a style=\"color: #3366ff;\" href=\"http:\/\/futboltotal.com.mx\/2016\/01\/las-5-peores-contrataciones-en-europa-del-2015\/\">El primer semestre de su aventura en Espa\u00f1a no es el deseado<\/a>. \u00a0<\/span>Jackson arrib\u00f3 al al Atl\u00e9tico el pasado verano con la ilusi\u00f3n de dar el paso definitivo de su carrera. Con Porto\u00a0ya hab\u00eda ganado t\u00edtulos, pero estaba convencido de que a las \u00f3rdenes de Simeone alcanzar\u00eda su mejor nivel y luchar\u00eda por codearse con los mejores goleadores de Europa. Nada m\u00e1s de la realidad. De momento, no se ha hecho con el puesto de titular, apenas suma tres goles\u00a0y ha tenido que alejarse de los terrenos de juego durante casi dos meses por culpa de una inoportuna lesi\u00f3n que sufri\u00f3 en un compromiso con su selecci\u00f3n.<\/p>\n<p>En redes sociales del Atl\u00e9tico de Madrid la presi\u00f3n es grande, tanto como en la cancha, donde los \u00faltimos partidos se ha ganado un sinf\u00edn de abucheos que el t\u00e9cnico, Diego Simeone, ha buscado controlar. El Atl\u00e9tico es l\u00edder por su espl\u00e9ndida defensiva, \u00fanicamente ocho goles recibidos pero <strong>Jackson Mart\u00ednez<\/strong> lleva hasta el momento meno goles que Ra\u00fal Jim\u00e9nez, el mexicano al que le quit\u00f3 el lugar como delantero colchonero. El colombiano\u00a0en sus estad\u00edsticas lleva 3 goles en 19 cotejos, mientras que el futbolista del Benfica ha marcado en 6 ocasiones tras 22 duelos.<\/p>\n<p style=\"text-align: center;\"><span style=\"color: #3366ff;\"><strong><a style=\"color: #3366ff;\" href=\"http:\/\/futboltotal.com.mx\/2016\/01\/atletico-y-real-madrid-no-podran-fichar-hasta-2017\/\">LEER M\u00c1S: Atl\u00e9tico y Real Madrid, sin fichar hasta 2017.\u00a0<\/a><\/strong><\/span><\/p>\n","protected":false},"excerpt":{"rendered":"<p>El atacante del Atl\u00e9tico de Madrid no encuentra la alegr\u00eda del gol <\/p>\n","protected":false},"author":20,"featured_media":348937,"comment_status":"closed","ping_status":"closed","sticky":false,"template":"","format":"standard","meta":[],"categories":[3839,3844,5951],"tags":[6007,6039,5956,742],"_links":{"self":[{"href":"http:\/\/desarrollo.grupomedios.com\/futbol\/wp-json\/wp\/v2\/posts\/348935"}],"collection":[{"href":"http:\/\/desarrollo.grupomedios.com\/futbol\/wp-json\/wp\/v2\/posts"}],"about":[{"href":"http:\/\/desarrollo.grupomedios.com\/futbol\/wp-json\/wp\/v2\/types\/post"}],"author":[{"embeddable":true,"href":"http:\/\/desarrollo.grupomedios.com\/futbol\/wp-json\/wp\/v2\/users\/20"}],"replies":[{"embeddable":true,"href":"http:\/\/desarrollo.grupomedios.com\/futbol\/wp-json\/wp\/v2\/comments?post=348935"}],"version-history":[{"count":0,"href":"http:\/\/desarrollo.grupomedios.com\/futbol\/wp-json\/wp\/v2\/posts\/348935\/revisions"}],"wp:featuredmedia":[{"embeddable":true,"href":"http:\/\/desarrollo.grupomedios.com\/futbol\/wp-json\/wp\/v2\/media\/348937"}],"wp:attachment":[{"href":"http:\/\/desarrollo.grupomedios.com\/futbol\/wp-json\/wp\/v2\/media?parent=348935"}],"wp:term":[{"taxonomy":"category","embeddable":true,"href":"http:\/\/desarrollo.grupomedios.com\/futbol\/wp-json\/wp\/v2\/categories?post=348935"},{"taxonomy":"post_tag","embeddable":true,"href":"http:\/\/desarrollo.grupomedios.com\/futbol\/wp-json\/wp\/v2\/tags?post=348935"}],"curies":[{"name":"wp","href":"https:\/\/api.w.org\/{rel}","templated":true}]}}