{"id":348949,"date":"2016-01-16T10:29:04","date_gmt":"2016-01-16T16:29:04","guid":{"rendered":"http:\/\/futboltotal.com.mx\/?p=348949"},"modified":"2016-01-16T13:25:15","modified_gmt":"2016-01-16T19:25:15","slug":"handanovic-se-convierte-en-benji-price","status":"publish","type":"post","link":"http:\/\/desarrollo.grupomedios.com\/futbol\/futbol-internacional\/handanovic-se-convierte-en-benji-price\/2016\/01","title":{"rendered":"Handanovic se convierte en Benji Price"},"content":{"rendered":"<p>Atalanta e Inter abrieron la jornada 20 de la Serie A este s\u00e1bado, en un duelo de m\u00faltiples ocasiones para el local y en el que se fue frustrado gracias a la actuaci\u00f3n fant\u00e1stica de <strong>Samir Handanovic<\/strong>, que solo permiti\u00f3 un gol y con reacciones incre\u00edbles, se llev\u00f3 los elogios de toda la prensa italiana, con una actuaci\u00f3n que poco a poco da la vuelta al mundo.<\/p>\n<p>Si el Inter sigue en pie de guerra en pos de recuperar el Scudetto eso se lo debe a Handanovic. Con 20 duelos desarrollados en el campeonato italiano, los dirigidos por Roberto Mancini se mantienen a un punto del l\u00edder, N\u00e1poles, con un duelo m\u00e1s disputado. Eso s\u00ed, los neroazurros son la defensiva menos goleada del certamen, aunque gran parte de esa estad\u00edstica depende de su portero esloveno, que hoy nos record\u00f3 con dos acciones a Benji Price, aquel portero al que todos idolatraban en el anime japon\u00e9s, Supercampeones.<\/p>\n<blockquote class=\"twitter-tweet\" lang=\"es\">\n<p dir=\"ltr\" lang=\"es\">El Benji Price del Inter de Mil\u00e1n. <a href=\"https:\/\/t.co\/xxwes9sjV2\">pic.twitter.com\/xxwes9sjV2<\/a><\/p>\n<p>\u2014 Adri\u00e1n Blanco (@AdrianBlanco_) <a href=\"https:\/\/twitter.com\/AdrianBlanco_\/status\/688380190930644992\">enero 16, 2016<\/a><\/p><\/blockquote>\n<p><script src=\"\/\/platform.twitter.com\/widgets.js\" async=\"\" charset=\"utf-8\"><\/script><\/p>\n<p>El sol hizo de las suyas con Handanovic en un principio y no dudo en usar gorra como Benji Price, para momentos despu\u00e9s realizar un lance casi imposible de creer, volando hacia un lado y atajando con las piernas del otro sector. Al final, el duelo se sell\u00f3 con un empate (1-1) y todo fue culpa de <strong>Handanovic<\/strong>.<\/p>\n<p><iframe loading=\"lazy\" src=\"https:\/\/www.youtube.com\/embed\/5ouOCddGSvQ\" frameborder=\"0\" allowfullscreen=\"allowfullscreen\"><\/iframe><br \/>\n<script src=\"\/\/platform.twitter.com\/widgets.js\" async=\"\" charset=\"utf-8\"><\/script><\/p>\n<p style=\"text-align: center;\"><span style=\"color: #3366ff;\"><strong><a style=\"color: #3366ff;\" href=\"http:\/\/futboltotal.com.mx\/2016\/01\/la-barrera-danzante-que-permite-el-gol-de-tiro-libre\/\">LEER M\u00c1S: La barrera danzante que permite el gol de tiro libre.<\/a><\/strong><\/span><\/p>\n","protected":false},"excerpt":{"rendered":"<p>El Inter sigue como el equipo menos goleado de la Serie A gracias a su fant\u00e1stico portero <\/p>\n","protected":false},"author":20,"featured_media":348950,"comment_status":"closed","ping_status":"closed","sticky":false,"template":"","format":"standard","meta":[],"categories":[3839,3848,5951],"tags":[6701,1073,4934,5958,5175],"_links":{"self":[{"href":"http:\/\/desarrollo.grupomedios.com\/futbol\/wp-json\/wp\/v2\/posts\/348949"}],"collection":[{"href":"http:\/\/desarrollo.grupomedios.com\/futbol\/wp-json\/wp\/v2\/posts"}],"about":[{"href":"http:\/\/desarrollo.grupomedios.com\/futbol\/wp-json\/wp\/v2\/types\/post"}],"author":[{"embeddable":true,"href":"http:\/\/desarrollo.grupomedios.com\/futbol\/wp-json\/wp\/v2\/users\/20"}],"replies":[{"embeddable":true,"href":"http:\/\/desarrollo.grupomedios.com\/futbol\/wp-json\/wp\/v2\/comments?post=348949"}],"version-history":[{"count":0,"href":"http:\/\/desarrollo.grupomedios.com\/futbol\/wp-json\/wp\/v2\/posts\/348949\/revisions"}],"wp:featuredmedia":[{"embeddable":true,"href":"http:\/\/desarrollo.grupomedios.com\/futbol\/wp-json\/wp\/v2\/media\/348950"}],"wp:attachment":[{"href":"http:\/\/desarrollo.grupomedios.com\/futbol\/wp-json\/wp\/v2\/media?parent=348949"}],"wp:term":[{"taxonomy":"category","embeddable":true,"href":"http:\/\/desarrollo.grupomedios.com\/futbol\/wp-json\/wp\/v2\/categories?post=348949"},{"taxonomy":"post_tag","embeddable":true,"href":"http:\/\/desarrollo.grupomedios.com\/futbol\/wp-json\/wp\/v2\/tags?post=348949"}],"curies":[{"name":"wp","href":"https:\/\/api.w.org\/{rel}","templated":true}]}}