{"id":349066,"date":"2016-01-16T18:25:37","date_gmt":"2016-01-17T00:25:37","guid":{"rendered":"http:\/\/futboltotal.com.mx\/?p=349066"},"modified":"2016-01-16T18:25:37","modified_gmt":"2016-01-17T00:25:37","slug":"real-sociedad-y-carlos-vela-empatan-ante-el-depor","status":"publish","type":"post","link":"http:\/\/desarrollo.grupomedios.com\/futbol\/futbol-internacional\/real-sociedad-y-carlos-vela-empatan-ante-el-depor\/2016\/01","title":{"rendered":"Real Sociedad y Carlos Vela, empatan ante el Depor"},"content":{"rendered":"<p>En juego correspondiente a la jornada 20 de la Liga de Espa\u00f1a,<strong> Real Sociedad<\/strong> recibi\u00f3 al Deportivo la Coru\u00f1a en la Anoeta, donde un <strong>Carlos Vela<\/strong> muy participativo, no logr\u00f3 hacer que su equipo se llevara la victoria en casa, pues el encuentro finaliz\u00f3 con empate a un gol.<\/p>\n<p>Corr\u00eda el minuto 26 del encuentro, cuando el Deportivo la Coru\u00f1a, de la mano de Luis Alberto, se adelant\u00f3 en el marcador, luego de aprovechar un error defensivo de la <strong>Real Sociedad<\/strong>. El 0-1 oblig\u00f3 a los locales a buscar con insistencia el empate, pero no lo lograron en la primera parte.<\/p>\n<p>Tuvieron que llegar al minuto 75, cuando Xabi Prieto empat\u00f3 el marcador, gracias a una buena definici\u00f3n frente al marco visitante. <strong>Carlos Vela<\/strong> puso varios pases de gol que no fueron concretados por sus compa\u00f1eros; el delantero mexicano particip\u00f3 los 90 minutos, mientras que Diego Reyes estuvo ausente de la convocatoria.<\/p>\n<p>En la siguiente jornada, la <strong>Real Sociedad<\/strong> visitar\u00e1 al Sporting Gij\u00f3n el pr\u00f3ximo viernes 22 de enero, en el encuentro que abrir\u00e1 las acciones de la semana 21 del balompi\u00e9 ib\u00e9rico. El cuadro de <strong>Carlos Vela<\/strong> se ubica en la posici\u00f3n 13 del certamen, con 21 puntos.<\/p>\n","protected":false},"excerpt":{"rendered":"<p>El Bombardero jug\u00f3 los 90 minutos; Diego Reyes no fue convocado<\/p>\n","protected":false},"author":20,"featured_media":349075,"comment_status":"closed","ping_status":"closed","sticky":false,"template":"","format":"standard","meta":[],"categories":[3839,3844,5951],"tags":[6048,4545,102],"_links":{"self":[{"href":"http:\/\/desarrollo.grupomedios.com\/futbol\/wp-json\/wp\/v2\/posts\/349066"}],"collection":[{"href":"http:\/\/desarrollo.grupomedios.com\/futbol\/wp-json\/wp\/v2\/posts"}],"about":[{"href":"http:\/\/desarrollo.grupomedios.com\/futbol\/wp-json\/wp\/v2\/types\/post"}],"author":[{"embeddable":true,"href":"http:\/\/desarrollo.grupomedios.com\/futbol\/wp-json\/wp\/v2\/users\/20"}],"replies":[{"embeddable":true,"href":"http:\/\/desarrollo.grupomedios.com\/futbol\/wp-json\/wp\/v2\/comments?post=349066"}],"version-history":[{"count":0,"href":"http:\/\/desarrollo.grupomedios.com\/futbol\/wp-json\/wp\/v2\/posts\/349066\/revisions"}],"wp:featuredmedia":[{"embeddable":true,"href":"http:\/\/desarrollo.grupomedios.com\/futbol\/wp-json\/wp\/v2\/media\/349075"}],"wp:attachment":[{"href":"http:\/\/desarrollo.grupomedios.com\/futbol\/wp-json\/wp\/v2\/media?parent=349066"}],"wp:term":[{"taxonomy":"category","embeddable":true,"href":"http:\/\/desarrollo.grupomedios.com\/futbol\/wp-json\/wp\/v2\/categories?post=349066"},{"taxonomy":"post_tag","embeddable":true,"href":"http:\/\/desarrollo.grupomedios.com\/futbol\/wp-json\/wp\/v2\/tags?post=349066"}],"curies":[{"name":"wp","href":"https:\/\/api.w.org\/{rel}","templated":true}]}}