{"id":349288,"date":"2016-01-17T10:02:18","date_gmt":"2016-01-17T16:02:18","guid":{"rendered":"http:\/\/futboltotal.com.mx\/?p=349288"},"modified":"2016-01-17T17:44:12","modified_gmt":"2016-01-17T23:44:12","slug":"marco-fabian-anota-doblete-con-eintracht-frankfurt","status":"publish","type":"post","link":"http:\/\/desarrollo.grupomedios.com\/futbol\/destacado-home\/marco-fabian-anota-doblete-con-eintracht-frankfurt\/2016\/01","title":{"rendered":"Marco Fabi\u00e1n anota doblete con Eintracht Frankfurt"},"content":{"rendered":"<p><strong>Marco Fabi\u00e1n<\/strong> se estren\u00f3 como goleador del <strong>Eintracht Frankfurt<\/strong>. Y fue por partida doble. El centrocampista mexicano salt\u00f3 al terreno de juego como titular y marc\u00f3 sus primeros goles con la instituci\u00f3n alemana en un par\u00a0minutos\u00a0(al\u00a074\u2019 al y 75\u2019); el doblete lleg\u00f3 este s\u00e1bado\u00a0ante el Eintracht Braunschweig, en duelo amistoso que termin\u00f3 con empate a tres goles.<\/p>\n<p>Es el tercer compromiso que enfrenta el <strong>Eintracht Frankfurt<\/strong> como parte de su preparaci\u00f3n para arrancar la segunda parte de la Bundesliga. Para <strong>Marco Fabi\u00e1n<\/strong> tambi\u00e9n represent\u00f3 su tercer actuaci\u00f3n, todas como titular y mostrando las destrezas que le permitieron cumplir el sue\u00f1o europeo a petici\u00f3n de Armin Veh.<\/p>\n<p style=\"text-align: center;\"><strong><a style=\"color: #3366ff;\" href=\"http:\/\/futboltotal.com.mx\/2016\/01\/handanovic-se-convierte-en-benji-price\/\">LEER M\u00c1S: Handanovic se convierte en Benji Price<\/a><\/strong><\/p>\n<p>Los de Frankfurt tendr\u00e1n su pr\u00f3ximo partido de la Bundesliga el siguiente domingo en contra del Wolfsbusgo a las 8:30 de la ma\u00f1ana tiempo del centro de M\u00e9xico, encuentro en el que <strong>Marco Fabi\u00e1n<\/strong> se perfila para debutar con el n\u00famero 10 de las<em> \u00c1guilas<\/em> a la espalda.<\/p>\n<p style=\"text-align: center;\"><a style=\"color: #3366ff;\" href=\"http:\/\/tv.eintracht.de\/de\/saison\/testspiele\/160117_fra_fra_bra_hl\/page\/2340---91-.html\" target=\"_blank\"><strong>Aqu\u00ed puedes ver los goles de Marco Fabi\u00e1n<\/strong><\/a><\/p>\n","protected":false},"excerpt":{"rendered":"<p>El campe\u00f3n ol\u00edmpico se ha ha convertido en un indiscutible para Armin Veh <\/p>\n","protected":false},"author":20,"featured_media":349289,"comment_status":"closed","ping_status":"closed","sticky":false,"template":"","format":"standard","meta":[],"categories":[5,3839],"tags":[3588,131],"_links":{"self":[{"href":"http:\/\/desarrollo.grupomedios.com\/futbol\/wp-json\/wp\/v2\/posts\/349288"}],"collection":[{"href":"http:\/\/desarrollo.grupomedios.com\/futbol\/wp-json\/wp\/v2\/posts"}],"about":[{"href":"http:\/\/desarrollo.grupomedios.com\/futbol\/wp-json\/wp\/v2\/types\/post"}],"author":[{"embeddable":true,"href":"http:\/\/desarrollo.grupomedios.com\/futbol\/wp-json\/wp\/v2\/users\/20"}],"replies":[{"embeddable":true,"href":"http:\/\/desarrollo.grupomedios.com\/futbol\/wp-json\/wp\/v2\/comments?post=349288"}],"version-history":[{"count":0,"href":"http:\/\/desarrollo.grupomedios.com\/futbol\/wp-json\/wp\/v2\/posts\/349288\/revisions"}],"wp:featuredmedia":[{"embeddable":true,"href":"http:\/\/desarrollo.grupomedios.com\/futbol\/wp-json\/wp\/v2\/media\/349289"}],"wp:attachment":[{"href":"http:\/\/desarrollo.grupomedios.com\/futbol\/wp-json\/wp\/v2\/media?parent=349288"}],"wp:term":[{"taxonomy":"category","embeddable":true,"href":"http:\/\/desarrollo.grupomedios.com\/futbol\/wp-json\/wp\/v2\/categories?post=349288"},{"taxonomy":"post_tag","embeddable":true,"href":"http:\/\/desarrollo.grupomedios.com\/futbol\/wp-json\/wp\/v2\/tags?post=349288"}],"curies":[{"name":"wp","href":"https:\/\/api.w.org\/{rel}","templated":true}]}}