{"id":349630,"date":"2016-01-18T08:05:31","date_gmt":"2016-01-18T14:05:31","guid":{"rendered":"http:\/\/futboltotal.com.mx\/?p=349630"},"modified":"2016-01-18T18:41:12","modified_gmt":"2016-01-19T00:41:12","slug":"porto-embelesado-con-los-dragones-aztecas","status":"publish","type":"post","link":"http:\/\/desarrollo.grupomedios.com\/futbol\/destacado-home\/porto-embelesado-con-los-dragones-aztecas\/2016\/01","title":{"rendered":"Los Dragones aztecas del Porto"},"content":{"rendered":"<p>En la \u00faltima d\u00e9cada, el <strong>Porto<\/strong> se ha distinguido por fichajes inteligentes: tipos que a\u00fan no son estrella, pero con el club <em>luso <\/em>despuntan y alcanzan esa categor\u00eda. Lo que los <em>Dragones<\/em> no hab\u00edan hecho era voltear a <strong>M\u00e9xico<\/strong>.<\/p>\n<p>Eso ha cambiado: hoy, cuatro mexicanos en su primer equipo y uno en el B: <strong>Miguel Lay\u00fan<\/strong>, <strong>H\u00e9ctor Herrera<\/strong>, <em>Tecatito<\/em> <strong>Corona<\/strong>, <strong>Ra\u00fal Gui\u00f1o<\/strong> y <strong>Omar Govea<\/strong>\u00a0viven sus procesos de maduraci\u00f3n y crecimiento, con la esperanza de entrar en la \u00e9lite mundial.<\/p>\n<p>Esta es la evoluci\u00f3n de\u00a0<span style=\"color: #ff0000;\"><strong>Miguel Lay\u00fan<\/strong><\/span>&#8230;<\/p>\n<p><span style=\"color: #800000;\">ANTES DE SER DRAG\u00d3N<\/span><\/p>\n<p>En 2009,\u00a0sin haber trascendido en M\u00e9xico,\u00a0<strong>Miguel Lay\u00fan<\/strong>, que militaba en el Veracruz, se fue al Atalanta de la Serie A de Italia. Como s\u00f3lo jug\u00f3 33 minutos en dos partidos, regres\u00f3 al futbol <em>azteca<\/em>\u00a0y fich\u00f3 con el Am\u00e9rica para el torneo Bicentenario 2010.<\/p>\n<p>La afici\u00f3n <em>azulcrema<\/em> lo recibi\u00f3 con desconfianza y en 2011, como las <em>\u00c1guilas<\/em> cayeron en una crisis y <strong>Lay\u00fan<\/strong> comet\u00eda varios errores, en Twitter circul\u00f3 el <em>hashtag<\/em> #TodoEsCulpadeLayun.<\/p>\n<p style=\"text-align: center;\"><strong><span style=\"color: #3366ff;\"><a style=\"color: #3366ff;\" href=\"http:\/\/futboltotal.com.mx\/2016\/01\/miguel-layun-el-quinto-mejor-asistidor-en-europa\/\">LEER M\u00c1S: Miguel Lay\u00fan, en la \u00e9lite de los fabricantes del gol<\/a><\/span><\/strong><\/p>\n<p>El lateral cordob\u00e9s no se cay\u00f3 ante las cr\u00edticas y mediante ayuda psicol\u00f3gica transform\u00f3 el <em>troleo<\/em> en algo positivo que deriv\u00f3 en un repunte futbol\u00edstico y hasta en una tienda <em>online<\/em> de ropa.<\/p>\n<p><strong>Miguel Lay\u00fan<\/strong> se volvi\u00f3 esencial en el cuadro americanista, anot\u00f3 el gol del t\u00edtulo en el Clausura 2013, se hizo uno de sus capitanes y hasta su segundo mejor goleador en el Apertura 2014, torneo en el que consigui\u00f3 su segundo campeonato de liga.<\/p>\n<p>Tambi\u00e9n se hizo constante en la Selecci\u00f3n Mexicana y fue al Mundial en 2014. En enero de 2015 aprovech\u00f3 su buen momento para regresar a Europa con el Watford, club con el que ascendi\u00f3 a la <em>Premier League<\/em> y del que brinc\u00f3 al <strong>Porto<\/strong>.<\/p>\n<div id=\"attachment_300273\" style=\"width: 836px\" class=\"wp-caption alignnone\"><a href=\"http:\/\/futboltotal.com.mx\/wp-content\/uploads\/2015\/08\/Lay\u00fan-celebra-gol-.jpg\" rel=\"attachment wp-att-300273\"><img aria-describedby=\"caption-attachment-300273\" decoding=\"async\" loading=\"lazy\" class=\"size-full wp-image-300273\" src=\"http:\/\/futboltotal.com.mx\/wp-content\/uploads\/2015\/08\/Lay\u00fan-celebra-gol-.jpg\" alt=\"Miguel Lay\u00fan | Lleg\u00f3 en el invierno pasado y consigui\u00f3 el ascenso con los Hornets. En su debut marc\u00f3 gol con el Watfor despu\u00e9s de 14 minutos de encuentro en Goodison Park, ante el Everton \" srcset=\"http:\/\/desarrollo.grupomedios.com\/futbol\/wp-content\/uploads\/2015\/08\/Lay\u00fan-celebra-gol-.jpg 826w, http:\/\/desarrollo.grupomedios.com\/futbol\/wp-content\/uploads\/2015\/08\/Lay\u00fan-celebra-gol--300x200.jpg 300w\" sizes=\"(max-width: 826px) 100vw, 826px\" \/><\/a><p id=\"caption-attachment-300273\" class=\"wp-caption-text\">Miguel Lay\u00fan | Lleg\u00f3 en el invierno pasado y consigui\u00f3 el ascenso con los Hornets. En su debut marc\u00f3 gol con el Watfor despu\u00e9s de 14 minutos de encuentro en Goodison Park, ante el Everton.<\/p><\/div>\n<p><span style=\"color: #000080;\"><strong>EL DATO DE LAY\u00daN<\/strong> |\u00a0A pesar de que el <strong>Porto<\/strong> ya negocia la compra de <strong>Lay\u00fan<\/strong>, Quique Flores, el t\u00e9cnico del Watford desea recuperarlo. &#8220;Que Miguel est\u00e9 en buena forma es una gran noticia para el Watford porque todav\u00eda le pertenece al club&#8221;.<\/span><\/p>\n<p style=\"text-align: left;\"><span style=\"color: #800000;\">DRAG\u00d3N\u00a0AZTECA<\/span><\/p>\n<p style=\"text-align: right;\"><em>Energ\u00eda, compromiso y calidad. Con esas tres virtudes, Lay\u00fan ha dejado satisfecho a su DT Julen Lopetegui y ha\u00a0convencido al Porto de que comprarlo de\u00a0manera definitiva ser\u00eda una gran inversi\u00f3n.<\/em><\/p>\n<p>Desde que <strong>Miguel Lay\u00fan<\/strong> lleg\u00f3 al Watford de la <em>Football League Championship<\/em> (Segunda Divisi\u00f3n de Inglaterra) en enero de 2015, el espa\u00f1ol Julen Lopetegui, t\u00e9cnico del <strong>Porto<\/strong> de la primera divisi\u00f3n de Portugal, le hizo un seguimiento muy cercano ante la posbilidad de que Danilo, su lateral derecho estelar, se fuera del equipo.<\/p>\n<p>Danilo era <em>Drag\u00f3n<\/em> desde enero de 2012 y fue titular con V\u00edtor Pereira, Paulo Fonseca y Lopetegui, los tres t\u00e9cnicos que tuvo. Complet\u00f3 136 juegos, anot\u00f3 12 goles y puso 15 asistencias. Ese desempe\u00f1o lo llev\u00f3 al Real Madrid para el ciclo 2015-16.<\/p>\n<p style=\"text-align: center;\"><span style=\"color: #3366ff;\"><strong><a style=\"color: #3366ff;\" href=\"http:\/\/futboltotal.com.mx\/2016\/01\/miguel-layun-mejor-defensa-asistidor-en-europa\/\">LEER M\u00c1S: Miguel Lay\u00fan, el mejor defensa asistidor en Europa<\/a><\/strong><\/span><\/p>\n<p>Lopetegui requer\u00eda a alguien que ocupara ese lugar y ya ten\u00eda conocimiento del futbolista mexicano, seg\u00fan admiti\u00f3: \u201c<strong>Miguel Lay\u00fan<\/strong> estaba jugando en la Segunda Divis\u00f3n, aunque ya lo conoc\u00eda de hace tiempo y sab\u00eda que sus condiciones f\u00edsico-t\u00e9cnicas y mentales nos pod\u00edan ayudar\u201d.<\/p>\n<p>En media temporada 2014-15, Miguel disput\u00f3 21 partidos con el Watford, logr\u00f3 el ascenso y aunque debut\u00f3 y anot\u00f3 gol en la <em>Premier League<\/em>, fue cedido al <strong>Porto<\/strong>, cesi\u00f3n que dej\u00f3 muy contento a Lopetegui: \u201c<strong>Lay\u00fan<\/strong> es un defensa talentoso y ser\u00e1 el sucesor ideal de Danilo\u201d.<\/p>\n<p>El d\u00eda de su presentaci\u00f3n como <em>Drag\u00f3n<\/em>, el 31 de agosto de 2015, <strong>Miguel Lay\u00fan<\/strong> presumi\u00f3 que no solo es capaz de jugar en ese lado: \u201cPuedo jugar por derecha o izquierda sin problemas, incluso como volante\u201d.<\/p>\n<p><a href=\"http:\/\/futboltotal.com.mx\/wp-content\/uploads\/2016\/01\/Layun-1.jpg\" rel=\"attachment wp-att-349780\"><img decoding=\"async\" loading=\"lazy\" class=\"alignnone size-full wp-image-349780\" src=\"http:\/\/futboltotal.com.mx\/wp-content\/uploads\/2016\/01\/Layun-1.jpg\" alt=\"Layun\" srcset=\"http:\/\/desarrollo.grupomedios.com\/futbol\/wp-content\/uploads\/2016\/01\/Layun-1.jpg 1150w, http:\/\/desarrollo.grupomedios.com\/futbol\/wp-content\/uploads\/2016\/01\/Layun-1-300x144.jpg 300w, http:\/\/desarrollo.grupomedios.com\/futbol\/wp-content\/uploads\/2016\/01\/Layun-1-768x369.jpg 768w, http:\/\/desarrollo.grupomedios.com\/futbol\/wp-content\/uploads\/2016\/01\/Layun-1-1024x492.jpg 1024w\" sizes=\"(max-width: 1150px) 100vw, 1150px\" \/><\/a><\/p>\n<p><span style=\"color: #800000;\">VIVIENDO UN SUE\u00d1O<\/span><\/p>\n<p>Con esas condiciones el mexicano se convirti\u00f3 en titular para Lopetegui y m\u00e1s con actuaciones como la que brind\u00f3 en su debut en <em>Champions League<\/em> ante el Dinamo de Kiev: se quit\u00f3 la marca y mand\u00f3 un centro preciso a Vincent Aboubakar para que hiciera el empate a 1-1 (2-2 final).<\/p>\n<p>Tambi\u00e9n ha marcado goles para amarrar victorias como el que le hizo al Maccabi Tel Aviv en la cuarta jornada de Champions o al Vit\u00f3ria Set\u00fabal, en la liga <em>lusa<\/em>, con el que se gan\u00f3 elogios de su t\u00e9cnico: \u201c<strong>Lay\u00fan<\/strong> es un jugador que nos encanta por su energ\u00eda, compromiso y calidad. El segundo gol (anotado por Miguel) muestra nuestra filosof\u00eda de juego. La jugada empez\u00f3 con Maxi (lateral derecho) y la finaliz\u00f3 <strong>Lay\u00fan<\/strong>, el lateral del otro lado\u201d.<\/p>\n<p><iframe loading=\"lazy\" src=\"https:\/\/www.youtube.com\/embed\/guewAtknZYk\" frameborder=\"0\" allowfullscreen=\"allowfullscreen\"><\/iframe><\/p>\n<p style=\"text-align: center;\"><span style=\"color: #3366ff;\"><strong><a style=\"color: #3366ff;\" href=\"http:\/\/futboltotal.com.mx\/2015\/11\/miguel-layun-debuta-como-goleador-en-champions\/\">LEER M\u00c1S: Miguel Lay\u00fan debuta como goleador en Champions<\/a><\/strong><\/span><\/p>\n<p><strong>Miguel Lay\u00fan<\/strong>\u00a0reconoce que la facilidad para adaptarse al <strong>Porto<\/strong> se debe a que Lopetegui le ha encargado labores que hace por naturaleza, porque se ha encontrado un gran grupo, entre ellos los mexicanos <strong>H\u00e9ctor Herrera<\/strong>, <strong>Jes\u00fas Corona<\/strong> y <strong>Ra\u00fal Gudi\u00f1o<\/strong>, pero especialmente por la madurez que ha alcanzado.<\/p>\n<p>\u201cEstoy en gran momento y eso me ayuda a dar buenas actuaciones. Me siento afortunado por lo que vivo: lo so\u00f1\u00e9 toda mi vida\u201d, se\u00f1al\u00f3 <strong>Miguel Lay\u00fan<\/strong> por quien el <strong>Porto<\/strong> negocia con el Watford para comprarlo en definitiva&#8230;<\/p>\n<p><a href=\"http:\/\/futboltotal.com.mx\/2016\/01\/dragones-aztecas-ii\/\">La evoluci\u00f3n de\u00a0<span style=\"color: #ff0000;\"><strong>H\u00e9ctor Herrera<\/strong><\/span>&#8230;<\/a><\/p>\n<p><a href=\"http:\/\/futboltotal.com.mx\/2016\/01\/dragones-aztecas-lll\/\">La evoluci\u00f3n de\u00a0<span style=\"color: #ff0000;\"><strong>Jes\u00fas Corona<\/strong><\/span>&#8230;<\/a><\/p>\n<p><a href=\"http:\/\/futboltotal.com.mx\/2016\/01\/dragones-aztecas-iv\/\">La evoluci\u00f3n de <span style=\"color: #ff0000;\"><strong>Ra\u00fal Gudi\u00f1o<\/strong><\/span>\u00a0y\u00a0<span style=\"color: #ff0000;\"><strong>Omar Govea<\/strong><\/span>&#8230;<\/a><\/p>\n","protected":false},"excerpt":{"rendered":"<p>Esta es la evoluci\u00f3n de Miguel Lay\u00fan\u2026<\/p>\n","protected":false},"author":20,"featured_media":349631,"comment_status":"closed","ping_status":"closed","sticky":false,"template":"","format":"standard","meta":[],"categories":[5,3839],"tags":[4545,1035],"_links":{"self":[{"href":"http:\/\/desarrollo.grupomedios.com\/futbol\/wp-json\/wp\/v2\/posts\/349630"}],"collection":[{"href":"http:\/\/desarrollo.grupomedios.com\/futbol\/wp-json\/wp\/v2\/posts"}],"about":[{"href":"http:\/\/desarrollo.grupomedios.com\/futbol\/wp-json\/wp\/v2\/types\/post"}],"author":[{"embeddable":true,"href":"http:\/\/desarrollo.grupomedios.com\/futbol\/wp-json\/wp\/v2\/users\/20"}],"replies":[{"embeddable":true,"href":"http:\/\/desarrollo.grupomedios.com\/futbol\/wp-json\/wp\/v2\/comments?post=349630"}],"version-history":[{"count":0,"href":"http:\/\/desarrollo.grupomedios.com\/futbol\/wp-json\/wp\/v2\/posts\/349630\/revisions"}],"wp:featuredmedia":[{"embeddable":true,"href":"http:\/\/desarrollo.grupomedios.com\/futbol\/wp-json\/wp\/v2\/media\/349631"}],"wp:attachment":[{"href":"http:\/\/desarrollo.grupomedios.com\/futbol\/wp-json\/wp\/v2\/media?parent=349630"}],"wp:term":[{"taxonomy":"category","embeddable":true,"href":"http:\/\/desarrollo.grupomedios.com\/futbol\/wp-json\/wp\/v2\/categories?post=349630"},{"taxonomy":"post_tag","embeddable":true,"href":"http:\/\/desarrollo.grupomedios.com\/futbol\/wp-json\/wp\/v2\/tags?post=349630"}],"curies":[{"name":"wp","href":"https:\/\/api.w.org\/{rel}","templated":true}]}}