{"id":349637,"date":"2016-01-18T08:04:00","date_gmt":"2016-01-18T14:04:00","guid":{"rendered":"http:\/\/futboltotal.com.mx\/?p=349637"},"modified":"2016-01-18T18:57:53","modified_gmt":"2016-01-19T00:57:53","slug":"dragones-aztecas-ii","status":"publish","type":"post","link":"http:\/\/desarrollo.grupomedios.com\/futbol\/futbol-internacional\/dragones-aztecas-ii\/2016\/01","title":{"rendered":"Los Dragones aztecas del Porto II"},"content":{"rendered":"<p>Esta es la evoluci\u00f3n de <span style=\"color: #ff0000;\"><strong>H\u00e9ctor Herrera<\/strong><\/span>\u2026<\/p>\n<p><span style=\"color: #800000;\">ANTES DE SER DRAG\u00d3N<\/span><\/p>\n<p><strong>H\u00e9ctor Herrera<\/strong>\u00a0fue detectado por el Pachuca en su natal Rosarito, Baja California, en 2009, cuando ten\u00eda 19 a\u00f1os. Pas\u00f3 por divisiones inferiores del club de Hidalgo e incluso estuvo en los <em>Arroceros<\/em> de Cuautla de tercera divisi\u00f3n. Para 2011 cuando jugaba con la filial de segunda del Pachuca en Tampico, Efra\u00edn Flores, director t\u00e9cnico del primer equipo, lo detect\u00f3 y lo debut\u00f3 en el Apertura de ese a\u00f1o.<\/p>\n<p>A partir de entonces, <strong>Herrera<\/strong> demostr\u00f3 polivalencia: jug\u00f3 de lateral, volante, contenci\u00f3n y hasta enganche. Sus actuaciones con los <em>Tuzos<\/em> y la capacidad de desenvolverse con eficacia en distintas zonas del campo le ayudaron a llegar a la Selecci\u00f3n Ol\u00edmpica que asisti\u00f3 a Londres 2012. En ese torneo ratific\u00f3 su capacidad de ida y vuelta, su fondo f\u00edsico y ayud\u00f3 a M\u00e9xico a ganar el oro.<\/p>\n<p style=\"text-align: center;\"><span style=\"color: #3366ff;\"><strong><a style=\"color: #3366ff;\" href=\"http:\/\/futboltotal.com.mx\/2016\/01\/napoli-hara-lo-que-sea-por-tener-a-hector-herrera\/\">LEER M\u00c1S: Napoli, a nada de pagar millonada por H\u00e9ctor Herrera<\/a><\/strong><\/span><\/p>\n<p>Su talento llam\u00f3 la atenci\u00f3n en el extranjero y un a\u00f1o despu\u00e9s, cuando disputaba la Copa Confederaciones con la Selecci\u00f3n Mayor, fich\u00f3 con el Porto y se convirti\u00f3 en la venta m\u00e1s cara de un mexicano desde la liga local a Europa (Pachuca no confirm\u00f3 la cifra, pero se rumor\u00f3 que fueron 8 millones de euros).<\/p>\n<p><span style=\"color: #000080;\"><strong>DATO DE HERRERA <\/strong>| En septiembre de 2015 a H\u00e9ctor Miguel le restaban dos a\u00f1os de contrato con el Porto. En el mismo mes renov\u00f3 su relaci\u00f3n con los Dragones hasta 2019. Su cl\u00e1usula de rescisi\u00f3n se mantuvo en 40 millones de euros.<\/span><\/p>\n<p><span style=\"color: #800000;\">DRAG\u00d3N AZTECA<\/span><\/p>\n<p style=\"text-align: right;\"><em>La campa\u00f1a 2014-15 en el Porto fue para Herrera de ensue\u00f1o: se convirti\u00f3 en uno de los m\u00e1s regulares y lo eligieron Mejor Jugador del club. Sin embargo, la temporada actual ha sido dif\u00edcil y ahora lucha por retomar su nivel.<\/em><\/p>\n<p>A inicios de 2015, un mexicano acaparaba las conversaciones futboleras en su pa\u00eds. No era Javier Hern\u00e1ndez, Carlos Vela o <em>Gio<\/em> dos Santos, tipos m\u00e1s acostumbrados a los reflectores por su desempe\u00f1o y por actuar entonces en La Liga. No. Quien robaba la atenci\u00f3n era <strong>H\u00e9ctor Herrera<\/strong>.<\/p>\n<p>En su segunda campa\u00f1a con el <strong>Porto<\/strong> luc\u00eda su ubicaci\u00f3n, fondo f\u00edsico y capacidad de circular la bola; su progresi\u00f3n era evidente: en su segundo a\u00f1o jug\u00f3 casi el doble de minutos que el primero en la liga portuguesa: 2,376 contra 1,202.<\/p>\n<p>Uno de sus puntos m\u00e1s altos lleg\u00f3 en marzo, en la vuelta de octavos de final de la <em>Champions League<\/em>, cuando su club venci\u00f3 4-0 al Basel; marc\u00f3 un gol y fue el jugador con m\u00e1s recorrido (m\u00e1s de 12 kil\u00f3metros), pases acertados (46) y tiros (tres).<\/p>\n<p style=\"text-align: center;\"><strong><span style=\"color: #3366ff;\"><a style=\"color: #3366ff;\" href=\"http:\/\/futboltotal.com.mx\/2016\/01\/hector-herrera-realiza-gol-de-crack-con-el-porto\/\">LEER M\u00c1S: H\u00e9ctor Herrera realiza gol de <em>crack<\/em> con el Porto<\/a><\/span><\/strong><\/p>\n<p>Los <em>Dragones<\/em> enfrentar\u00edan al Bayern M\u00fanich en Cuartos y una voz respetada reconoci\u00f3 la calidad del <em>Zorro<\/em>. \u201cEs un jugador fant\u00e1stico\u201d. La declaraci\u00f3n era del t\u00e9cnico <em>b\u00e1varo<\/em>, Josep Guardiola, quien a\u00f1adi\u00f3: \u201cParece que es lento, pero es muy potente\u201d.<\/p>\n<p>El <strong>Porto<\/strong> fue eliminado pero la imagen que <strong>H\u00e9ctor Miguel <\/strong>dej\u00f3 durante la campa\u00f1a le vali\u00f3 el <em>Drag\u00f3n de Oro<\/em>, premio concedido por el club a su mejor jugador en el ciclo. Todo iba estupendo, sin embargo las cosas se torcieron un poco en el verano de 2015.<\/p>\n<p>\u00bfDemasiada actividad?<\/p>\n<p><strong>H\u00e9ctor Herrera<\/strong> jug\u00f3 la Copa Oro con M\u00e9xico y su participaci\u00f3n no fue lo brillante que se esperaba. Tanto que no jug\u00f3 la final, en la que M\u00e9xico venci\u00f3 a Jamaica. El seleccionador Miguel Herrera justific\u00f3 la decisi\u00f3n: \u201cH\u00e9ctor tuvo un a\u00f1o de mucho trabajo y ven\u00eda cansado mentalmente\u201d.<\/p>\n<p style=\"text-align: center;\"><strong><span style=\"color: #3366ff;\"><a style=\"color: #3366ff;\" href=\"http:\/\/futboltotal.com.mx\/2015\/12\/hector-herrera-el-dragon-dorado-del-porto\/\">LEER M\u00c1S: H\u00e9ctor Herrera, el drag\u00f3n dorado del Porto<\/a><\/span><\/strong><\/p>\n<p>Con su club, las cosas no mejoraron. En los primeros 10 juegos de la liga 2015-16, el <em>Zorro<\/em> apenas sum\u00f3 315 minutos (35 por ciento del total) y qued\u00f3 fuera de las convocatorias de duelos como el \u00faltimo de la fase de grupos de la <em>Champions<\/em>, ante Chelsea.<\/p>\n<p>Frente al panorama, <strong>H\u00e9ctor Herrera<\/strong> admiti\u00f3: \u201cMe siento un poco cansado\u201d. Julen Lopetegui, ahora ex\u00a0DT del <strong>Porto<\/strong>, reforz\u00f3 la idea a inicios de noviembre: \u201cEl a\u00f1o pasado H\u00e9ctor jug\u00f3 pr\u00e1cticamente todo. Viene de dos a\u00f1os sin descansar en verano [jug\u00f3 el Mundial 2014 y la Copa Oro 2015]\u201d. Por suerte para H\u00e9ctor, Julen matiz\u00f3: \u201cEs muy buen jugador, con actitud fant\u00e1stica y capacidad de competir, estoy convencido de que ser\u00e1 muy importante para nosotros este a\u00f1o\u201d.<\/p>\n<p>Ahora, el de Rosarito debe probar que tiene la personalidad y la fortaleza mental necesarias para superar el bache y retomar el nivel que le vali\u00f3 ser comparado con miembros de la \u00e9lite mundial (Rio Ferdinand lleg\u00f3 a decir que era \u201cuna mezcla entre Gary Cahill y Angel Di Mar\u00eda\u201d), debe demostrar que evolucion\u00f3 en la superficie pero tambi\u00e9n debajo de la piel.<\/p>\n<p><a href=\"http:\/\/futboltotal.com.mx\/2016\/01\/dragones-aztecas\/\">La evoluci\u00f3n de\u00a0<span style=\"color: #ff0000;\"><strong>Miguel Lay\u00fan<\/strong><\/span>\u2026<\/a><\/p>\n<p><a href=\"http:\/\/futboltotal.com.mx\/2016\/01\/dragones-aztecas-lll\/\">La evoluci\u00f3n de\u00a0<span style=\"color: #ff0000;\"><strong>Jes\u00fas Corona<\/strong><\/span>\u2026<\/a><\/p>\n<p><a href=\"http:\/\/futboltotal.com.mx\/2016\/01\/dragones-aztecas-iv\/\">La evoluci\u00f3n de\u00a0<span style=\"color: #ff0000;\"><strong>Ra\u00fal Gui\u00f1o<\/strong>\u00a0y\u00a0<strong>Omar Govea<\/strong><\/span>\u2026<\/a><\/p>\n","protected":false},"excerpt":{"rendered":"<p>Esta es la evoluci\u00f3n de H\u00e9ctor Herrera\u2026<\/p>\n","protected":false},"author":20,"featured_media":349631,"comment_status":"closed","ping_status":"closed","sticky":false,"template":"","format":"standard","meta":[],"categories":[3839],"tags":[5995,4545],"_links":{"self":[{"href":"http:\/\/desarrollo.grupomedios.com\/futbol\/wp-json\/wp\/v2\/posts\/349637"}],"collection":[{"href":"http:\/\/desarrollo.grupomedios.com\/futbol\/wp-json\/wp\/v2\/posts"}],"about":[{"href":"http:\/\/desarrollo.grupomedios.com\/futbol\/wp-json\/wp\/v2\/types\/post"}],"author":[{"embeddable":true,"href":"http:\/\/desarrollo.grupomedios.com\/futbol\/wp-json\/wp\/v2\/users\/20"}],"replies":[{"embeddable":true,"href":"http:\/\/desarrollo.grupomedios.com\/futbol\/wp-json\/wp\/v2\/comments?post=349637"}],"version-history":[{"count":0,"href":"http:\/\/desarrollo.grupomedios.com\/futbol\/wp-json\/wp\/v2\/posts\/349637\/revisions"}],"wp:featuredmedia":[{"embeddable":true,"href":"http:\/\/desarrollo.grupomedios.com\/futbol\/wp-json\/wp\/v2\/media\/349631"}],"wp:attachment":[{"href":"http:\/\/desarrollo.grupomedios.com\/futbol\/wp-json\/wp\/v2\/media?parent=349637"}],"wp:term":[{"taxonomy":"category","embeddable":true,"href":"http:\/\/desarrollo.grupomedios.com\/futbol\/wp-json\/wp\/v2\/categories?post=349637"},{"taxonomy":"post_tag","embeddable":true,"href":"http:\/\/desarrollo.grupomedios.com\/futbol\/wp-json\/wp\/v2\/tags?post=349637"}],"curies":[{"name":"wp","href":"https:\/\/api.w.org\/{rel}","templated":true}]}}