{"id":349646,"date":"2016-01-18T08:02:51","date_gmt":"2016-01-18T14:02:51","guid":{"rendered":"http:\/\/futboltotal.com.mx\/?p=349646"},"modified":"2016-01-18T14:11:54","modified_gmt":"2016-01-18T20:11:54","slug":"dragones-aztecas-iv","status":"publish","type":"post","link":"http:\/\/desarrollo.grupomedios.com\/futbol\/futbol-internacional\/dragones-aztecas-iv\/2016\/01","title":{"rendered":"Los Dragones aztecas del Porto IV"},"content":{"rendered":"<p>Esta es la evoluci\u00f3n de <span style=\"color: #ff0000;\"><strong>Ra\u00fal Gudi\u00f1o<\/strong><\/span>\u2026<\/p>\n<p><span style=\"color: #800000;\">ANTES DE SER DRAG\u00d3N<\/span><\/p>\n<p>Todo ha ocurrido muy r\u00e1pido para <strong>Ra\u00fal Gudi\u00f1o<\/strong>. En noviembre de 2013 disput\u00f3 el Mundial Sub-17 en los Emiratos \u00c1rabes, donde destac\u00f3, adem\u00e1s de por sus buenos reflejos y concentraci\u00f3n, por anotar un penalti en la serie en la que M\u00e9xico se impuso 11-10 a Brasil en Cuartos de Final. Su lucimiento fue mayor en ese dram\u00e1tico partido al atajar el disparo que vali\u00f3 el pase a semifinales en un torneo en el que el <em>Tri<\/em>\u00a0fue subcampe\u00f3n.<\/p>\n<p>Con el Guadalajara, <strong>Gudi\u00f1o<\/strong> fue campe\u00f3n Sub-15 en 2011 y Sub-17 en 2013.<\/p>\n<p>En 2014, mientras <strong>Ra\u00fal Gudi\u00f1o<\/strong> militaba en el Sub-20 de las Chivas del Guadalajara, lleg\u00f3 la propuesta del <strong>Porto<\/strong> y se fue sin debutar en la Liga MX. \u201cMe qued\u00e9 con la espinita de jugar con Chivas en Primera Divisi\u00f3n\u201d, reconoci\u00f3.<\/p>\n<p><span style=\"color: #000080;\"><strong>EL DATO GUDI\u00d1O<\/strong> |\u00a0El juvenil guardameta se fue a Europa &#8220;casi regalado&#8221;. As\u00ed lo expres\u00f3 N\u00e9stor de la Torre, expresidente de Chivas, quien atribuy\u00f3 a Francisco Palencia, exdirector deportivo, que haya tasado a Gudi\u00f1o en 1.5 millones de euros.<\/span><\/p>\n<p><span style=\"color: #800000;\">DRAG\u00d3N AZTECA<\/span><\/p>\n<p style=\"text-align: right;\"><em>Gudi\u00f1o juega con el Porto B y tambi\u00e9n entrena con el equipo mayor, donde se ha encontrado con Iker Casillas, portero campe\u00f3n del mundo y bicampe\u00f3n de Europa que le ha inspirado a so\u00f1ar en grande.<\/em><\/p>\n<p>En 2013 <strong>Ra\u00fal Gudi\u00f1o<\/strong> tuvo un estupendo a\u00f1o: fue campe\u00f3n con Chivas Sub-17 y subcampe\u00f3n con M\u00e9xico en el Mundial de la misma categor\u00eda. Como destac\u00f3 en ambas instancias, fue fichado a pr\u00e9stamo por el <strong>Porto<\/strong> a finales de agosto de 2014.<\/p>\n<p>\u201cCuando me firmaron, record\u00e9 que cuando era ni\u00f1o quer\u00eda jugar en Europa. \u00a1Ya iba a hacer lo que hab\u00eda buscado!\u201d, dice el portero de 19 a\u00f1os.<\/p>\n<p><strong>Ra\u00fal Gudi\u00f1o<\/strong> fue enviado al <strong>Porto B<\/strong>, en el que empez\u00f3 a tener actividad a partir de la jornada 16 de la Segunda Liga cuando disput\u00f3 los 90 minutos en el triunfo 3-2 sobre Acad\u00e9mico Viseu.<\/p>\n<p style=\"text-align: center;\"><span style=\"color: #3366ff;\"><strong><a style=\"color: #3366ff;\" href=\"http:\/\/futboltotal.com.mx\/2016\/01\/raul-gudino-renueva-contrato-con-el-porto\/\">LEER M\u00c1S: Ra\u00fal Gudi\u00f1o renueva contrato con el Porto<\/a><\/strong><\/span><\/p>\n<p>Tambi\u00e9n jug\u00f3 la <em>UEFA Youth League<\/em> 2014-15 y brill\u00f3 en el triunfo de los <em>Dragones<\/em> por 4-2 en penales (luego del 1-1 en 90 minutos) sobre el Real Madrid al atajar dos ejecuciones. \u201cLas m\u00e1gicas manos de <strong>Gudi\u00f1o<\/strong> significaron los Cuartos de Final\u201d, dec\u00eda el encabezado de una nota en el portal <em>fcporto.pt<\/em>.<\/p>\n<p>El <strong>Porto<\/strong> hizo v\u00e1lida su opci\u00f3n de compra el 17 de julio de 2015 por un costo de 1.5 millones de euros y en agosto Julen Lopetegui, en ese momento t\u00e9cnico del equipo de la Primeira Liga, lo uni\u00f3 a los entrenamientos de su plantel.<\/p>\n<p style=\"text-align: center;\"><span style=\"color: #3366ff;\"><strong><a style=\"color: #3366ff;\" href=\"http:\/\/futboltotal.com.mx\/2015\/12\/raul-gudino-va-por-dos-titulos-de-liga\/\">LEER M\u00c1S: Ra\u00fal Gudi\u00f1o va por dos t\u00edtulos de liga<\/a><\/strong><\/span><\/p>\n<p>Ah\u00ed conoci\u00f3 a Iker Casillas: \u201cSent\u00ed mucha motivaci\u00f3n de ser su compa\u00f1ero porque cuando yo era ni\u00f1o lo ve\u00eda en televisi\u00f3n\u201d. Pero fue m\u00e1s importante el consejo que le dio el portero espa\u00f1ol bicampe\u00f3n de Europa y campe\u00f3n del mundo: \u201cMe dijo que persiguiera mis sue\u00f1os y que so\u00f1ara en grande\u201d. Casillas certific\u00f3 el encuentro con una foto que subi\u00f3 a su perfil de <em>Facebook<\/em> en la que escribi\u00f3: \u201cCon el gran <strong>Ra\u00fal Gudi\u00f1o<\/strong>&#8230;\u201d.<\/p>\n<p><strong>Gudi\u00f1o<\/strong> no ha debutado en la m\u00e1xima categor\u00eda lusa, pero al tiempo que juega en el Porto B, reconoce que sigue aprendiendo: \u201cHe hecho pretemporada con el primer equipo y he ganado madurez y experiencia\u201d.<\/p>\n<p><a href=\"http:\/\/futboltotal.com.mx\/2016\/01\/dragones-aztecas\/\">La evoluci\u00f3n de\u00a0<strong>Miguel Lay\u00fan<\/strong>\u2026<\/a><\/p>\n<p><a href=\"http:\/\/futboltotal.com.mx\/2016\/01\/dragones-aztecas-ii\/\">La evoluci\u00f3n de\u00a0<strong>H\u00e9ctor Herrera<\/strong>\u2026<\/a><\/p>\n<p><a href=\"http:\/\/futboltotal.com.mx\/2016\/01\/dragones-aztecas-lll\/\">La evoluci\u00f3n de <strong>Tecatito Corona<\/strong>\u2026<\/a><\/p>\n<p><strong><span style=\"color: #ff0000;\">Omar Govea\u00a0<\/span><\/strong>se form\u00f3 en las filiales del San Luis. De ese equipo pas\u00f3 al Am\u00e9rica para jugar en las divisiones inferiores, entre 2012 y 2013.\u00a0Posteriormente llegaron para <strong>Govea<\/strong> las convocatorias a la selecci\u00f3n Sub-17\u00a0de M\u00e9xico y se gan\u00f3 un lugar para ir al Mundial Emiratos \u00c1rabes 2013, en donde disput\u00f3 seis partidos y fue subcampe\u00f3n.<\/p>\n<p>En ese torneo <strong>Omar Govea<\/strong>, quien se desempe\u00f1a como medio de contenci\u00f3n, atrajo la atenci\u00f3n del <strong>Porto<\/strong>. \u201cCreo que les gust\u00f3 mi trato con la pelota\u201d, consider\u00f3 el joven potosino.<\/p>\n<p>Fue cuesti\u00f3n de tiempo. Omar jug\u00f3 en la Sub-20 del Am\u00e9rica, en 2014, y luego fue prestado a los <em>Mineros<\/em> de Zacatecas de la Liga de Ascenso. Ah\u00ed fue notificado que deb\u00eda de viajar a Portugal para fichar con el <strong>Porto<\/strong> el 8 de julio de 2015, en un pr\u00e9stamo por 250 mil euros hasta junio de 2016. \u201cIntentar\u00e9 aprovecharlo de la mejor manera. El <strong>Porto<\/strong> es el club m\u00e1s importante de Portugal y uno de los mejores de Europa\u201d, reconoci\u00f3.<\/p>\n<p><strong>Omar Govea Garc\u00eda<\/strong> ha sido titular habitual en el <strong>Porto B<\/strong> dirigido por Luis Castro. \u201cTengo que demostrar por qu\u00e9 estoy ac\u00e1. Buscar\u00e9 seguir creciendo como jugador y como persona\u201d, asegura.<\/p>\n<p>Mientras se afianza en el <strong>Porto B<\/strong>, Omar Nicol\u00e1s ya tuvo contacto con la disciplina de Julen Lopetegui en el primer equipo, en el que juega <strong>H\u00e9ctor Miguel Herrera<\/strong>, su \u00eddolo. Al tiempo tambi\u00e9n sue\u00f1a no solo con jugar en la Primeira Liga, sino de hacerlo en su club favorito en Europa: \u201cMi meta es jugar en el Real Madrid\u201d.<\/p>\n<p><em>Textos de Eduardo Venegas y Guillermo Vite<\/em><\/p>\n","protected":false},"excerpt":{"rendered":"<p>Esta es la evoluci\u00f3n de Ra\u00fal Gudi\u00f1o\u2026<\/p>\n","protected":false},"author":20,"featured_media":349631,"comment_status":"closed","ping_status":"closed","sticky":false,"template":"","format":"standard","meta":[],"categories":[3839],"tags":[4545,6709],"_links":{"self":[{"href":"http:\/\/desarrollo.grupomedios.com\/futbol\/wp-json\/wp\/v2\/posts\/349646"}],"collection":[{"href":"http:\/\/desarrollo.grupomedios.com\/futbol\/wp-json\/wp\/v2\/posts"}],"about":[{"href":"http:\/\/desarrollo.grupomedios.com\/futbol\/wp-json\/wp\/v2\/types\/post"}],"author":[{"embeddable":true,"href":"http:\/\/desarrollo.grupomedios.com\/futbol\/wp-json\/wp\/v2\/users\/20"}],"replies":[{"embeddable":true,"href":"http:\/\/desarrollo.grupomedios.com\/futbol\/wp-json\/wp\/v2\/comments?post=349646"}],"version-history":[{"count":0,"href":"http:\/\/desarrollo.grupomedios.com\/futbol\/wp-json\/wp\/v2\/posts\/349646\/revisions"}],"wp:featuredmedia":[{"embeddable":true,"href":"http:\/\/desarrollo.grupomedios.com\/futbol\/wp-json\/wp\/v2\/media\/349631"}],"wp:attachment":[{"href":"http:\/\/desarrollo.grupomedios.com\/futbol\/wp-json\/wp\/v2\/media?parent=349646"}],"wp:term":[{"taxonomy":"category","embeddable":true,"href":"http:\/\/desarrollo.grupomedios.com\/futbol\/wp-json\/wp\/v2\/categories?post=349646"},{"taxonomy":"post_tag","embeddable":true,"href":"http:\/\/desarrollo.grupomedios.com\/futbol\/wp-json\/wp\/v2\/tags?post=349646"}],"curies":[{"name":"wp","href":"https:\/\/api.w.org\/{rel}","templated":true}]}}