{"id":349648,"date":"2016-01-18T07:07:27","date_gmt":"2016-01-18T13:07:27","guid":{"rendered":"http:\/\/futboltotal.com.mx\/?p=349648"},"modified":"2016-01-18T09:24:56","modified_gmt":"2016-01-18T15:24:56","slug":"barcelona-no-queria-fichar-a-luis-suarez","status":"publish","type":"post","link":"http:\/\/desarrollo.grupomedios.com\/futbol\/destacado-home\/barcelona-no-queria-fichar-a-luis-suarez\/2016\/01","title":{"rendered":"Barcelona no quer\u00eda fichar a Luis Su\u00e1rez"},"content":{"rendered":"<p><strong>Luis Su\u00e1rez<\/strong> est\u00e1 convertido en toda una estrella para <strong>Barcelona<\/strong>. Su ausencia en la terna contendiente al Bal\u00f3n de Oro demuestra la importancia que ha adquirido para el plantel. <span style=\"color: #3366ff;\"><a style=\"color: #3366ff;\" href=\"http:\/\/futboltotal.com.mx\/2016\/01\/messi-neymar-y-suarez-pulverizan-al-athletic\/\">El domingo firm\u00f3 su tercer hat-trick<\/a><\/span> en Liga Espa\u00f1ola, segundo en el presente curso y con ello accedi\u00f3 a los 18 goles y se coloca como el <em>Pichichi<\/em> hasta la jornada 20 del certamen.<\/p>\n<p>Esas grandes estad\u00edsticas hacen que su compra sea elogiada en el momento actual, pero con <strong>Barcelona<\/strong> debiendo esperar tres meses tras su contrataci\u00f3n se dudaba de su \u00e9xito. Inclusive, Luis Su\u00e1rez no era la opci\u00f3n primordial para reforzar el tridente.El exdirector deportivo de los blaugranas, Andoni Zubizarreta, afirm\u00f3 que los catalanes no ten\u00edan previsto hacer la compra por el 9 uruguayo, pues quer\u00edan que Sergio Ag\u00fcero fuera quien ocupara ese lugar.<\/p>\n<p>&#8220;Ten\u00edamos algunas opciones. La primera no era Su\u00e1rez. Lo sabe \u00e9l. En invierno nos planteamos el fichaje de Ag\u00fcero. Aquello no sali\u00f3. En esta situaci\u00f3n, no hab\u00eda duda: Luis Su\u00e1rez era nuestro \u00fanico objetivo&#8221;, afirm\u00f3 Zubizarreta al Diario <em>Marca<\/em>.<\/p>\n<p>Tambi\u00e9n, el exdirectivo dijo estar &#8220;encantado&#8221; con las habilidades del charr\u00faa, adem\u00e1s de su gusto por unirse al Barcelona.<\/p>\n<p>&#8220;Me gustaba todo de \u00e9l: no era est\u00e1tico, sab\u00eda moverse por fuera y nos daba un perfil que no ten\u00edamos. Influy\u00f3 otro aspecto capital: desde el primer momento su predisposici\u00f3n a fichar por el <em>Bar\u00e7a<\/em> fue m\u00e1xima&#8221;, finaliz\u00f3 Zubizarreta quien fue relegado de su cargo como director deportivo del <strong>Barcelona<\/strong> hace poco m\u00e1s de un a\u00f1o.<\/p>\n<p style=\"text-align: center;\"><span style=\"color: #3366ff;\"><strong><a style=\"color: #3366ff;\" href=\"http:\/\/futboltotal.com.mx\/2016\/01\/athletic-barcelona-destaca-en-cuartos-de-copa-del-rey\/\">LEER M\u00c1S: Athletic vs Barcelona, el duelo m\u00e1s atractivo en cuartos de final de Copa del Rey.<\/a><\/strong><\/span><\/p>\n<p>&nbsp;<\/p>\n","protected":false},"excerpt":{"rendered":"<p>Pese a que es el Pichichi actual, el uruguayo no era la alternativa ideal <\/p>\n","protected":false},"author":20,"featured_media":349657,"comment_status":"closed","ping_status":"closed","sticky":false,"template":"","format":"standard","meta":[],"categories":[5,3839,3844],"tags":[5984,6016,5992],"_links":{"self":[{"href":"http:\/\/desarrollo.grupomedios.com\/futbol\/wp-json\/wp\/v2\/posts\/349648"}],"collection":[{"href":"http:\/\/desarrollo.grupomedios.com\/futbol\/wp-json\/wp\/v2\/posts"}],"about":[{"href":"http:\/\/desarrollo.grupomedios.com\/futbol\/wp-json\/wp\/v2\/types\/post"}],"author":[{"embeddable":true,"href":"http:\/\/desarrollo.grupomedios.com\/futbol\/wp-json\/wp\/v2\/users\/20"}],"replies":[{"embeddable":true,"href":"http:\/\/desarrollo.grupomedios.com\/futbol\/wp-json\/wp\/v2\/comments?post=349648"}],"version-history":[{"count":0,"href":"http:\/\/desarrollo.grupomedios.com\/futbol\/wp-json\/wp\/v2\/posts\/349648\/revisions"}],"wp:featuredmedia":[{"embeddable":true,"href":"http:\/\/desarrollo.grupomedios.com\/futbol\/wp-json\/wp\/v2\/media\/349657"}],"wp:attachment":[{"href":"http:\/\/desarrollo.grupomedios.com\/futbol\/wp-json\/wp\/v2\/media?parent=349648"}],"wp:term":[{"taxonomy":"category","embeddable":true,"href":"http:\/\/desarrollo.grupomedios.com\/futbol\/wp-json\/wp\/v2\/categories?post=349648"},{"taxonomy":"post_tag","embeddable":true,"href":"http:\/\/desarrollo.grupomedios.com\/futbol\/wp-json\/wp\/v2\/tags?post=349648"}],"curies":[{"name":"wp","href":"https:\/\/api.w.org\/{rel}","templated":true}]}}