{"id":349690,"date":"2016-01-18T15:10:23","date_gmt":"2016-01-18T21:10:23","guid":{"rendered":"http:\/\/futboltotal.com.mx\/?p=349690"},"modified":"2016-01-18T15:10:56","modified_gmt":"2016-01-18T21:10:56","slug":"nuevos-tachones-de-mesut-ozil-sin-agujetas","status":"publish","type":"post","link":"http:\/\/desarrollo.grupomedios.com\/futbol\/galerias\/nuevos-tachones-de-mesut-ozil-sin-agujetas\/2016\/01","title":{"rendered":"Nuevos tachones de Mesut Ozil, sin agujetas"},"content":{"rendered":"<p>Los futbolistas internacionales, el alem\u00e1n <strong>Mesut Ozil<\/strong>, el croata Ivan Rakitic y el brasile\u00f1o Oscar, ser\u00e1n los primeros en usar la primera l\u00ednea de calzado de<strong> adidas<\/strong> que no tenga agujetas, donde el objetivo es que posean un dominio m\u00e1s puro del esf\u00e9rico.<\/p>\n<p>Los <strong>ACE 16+ Purecontrol<\/strong> son los primeros tacos sin agujetas del mundo, que ser\u00e1n usados en la cancha por figuras tales como <strong>Mesut Ozil<\/strong>, Ivan Rakitic y Oscar a partir del 23 de enero, mientras que m\u00e1s jugadores ACE de <strong>adidas<\/strong> los usar\u00e1n a partir del 30 de enero.<\/p>\n<p>&#8220;Durante toda mi carrera, he intentado minimizar el impacto de las agujetas en mi tiro y control del bal\u00f3n. En 2014, le revel\u00e9 a adidas que, en el camerino, les hago nudos una y otra vez, y luego escondo las puntas. De esa manera, no interfieren con mi toque. Cuando llegaron a m\u00ed el a\u00f1o pasado con los tacos sin agujetas, fue como si hubiesen creado mi producto so\u00f1ado. No puedo esperar a usarlos en la cancha&#8221;, declar\u00f3 <strong>Mesut Ozil<\/strong> para describir su sentir por la llegada de los tachones que tanto a\u00f1or\u00f3.<\/p>\n<p><em>Crack<\/em>, \u00bfte gustan los nuevos zapatos sin agujetas <strong>ACE 16+ Purecontrol<\/strong>?<\/p>\n<div id=\"galleryAYH\" style=\"display:none;\"><img alt=\"\" src=\"http:\/\/desarrollo.grupomedios.com\/futbol\/wp-content\/uploads\/2016\/01\/417520.jpg\" data-image=\"http:\/\/desarrollo.grupomedios.com\/futbol\/wp-content\/uploads\/2016\/01\/417520.jpg\" data-description=\"Mesut Ozil ACE 16+ Purecontrol\"><img alt=\"\" src=\"http:\/\/desarrollo.grupomedios.com\/futbol\/wp-content\/uploads\/2016\/01\/417519.jpg\" data-image=\"http:\/\/desarrollo.grupomedios.com\/futbol\/wp-content\/uploads\/2016\/01\/417519.jpg\" data-description=\"ACE 16+ Purecontrol\"><img alt=\"\" src=\"http:\/\/desarrollo.grupomedios.com\/futbol\/wp-content\/uploads\/2016\/01\/417518.jpg\" data-image=\"http:\/\/desarrollo.grupomedios.com\/futbol\/wp-content\/uploads\/2016\/01\/417518.jpg\" data-description=\"ACE 16+ Purecontrol adidas\"><\/div>\n        <script>\n        \/\/galeria 1\n        jQuery(document).ready(function(){ \n            var api;\n            api = jQuery(\"#galleryAYH\").unitegallery({\n                carousel_autoplay: false\n            }); \n        });\n        <\/script>\n        \n","protected":false},"excerpt":{"rendered":"<p>Adidas presenta nueva l\u00ednea de calzado<\/p>\n","protected":false},"author":20,"featured_media":349697,"comment_status":"closed","ping_status":"closed","sticky":false,"template":"","format":"standard","meta":[],"categories":[5419,3839,3],"tags":[1560,465],"_links":{"self":[{"href":"http:\/\/desarrollo.grupomedios.com\/futbol\/wp-json\/wp\/v2\/posts\/349690"}],"collection":[{"href":"http:\/\/desarrollo.grupomedios.com\/futbol\/wp-json\/wp\/v2\/posts"}],"about":[{"href":"http:\/\/desarrollo.grupomedios.com\/futbol\/wp-json\/wp\/v2\/types\/post"}],"author":[{"embeddable":true,"href":"http:\/\/desarrollo.grupomedios.com\/futbol\/wp-json\/wp\/v2\/users\/20"}],"replies":[{"embeddable":true,"href":"http:\/\/desarrollo.grupomedios.com\/futbol\/wp-json\/wp\/v2\/comments?post=349690"}],"version-history":[{"count":0,"href":"http:\/\/desarrollo.grupomedios.com\/futbol\/wp-json\/wp\/v2\/posts\/349690\/revisions"}],"wp:featuredmedia":[{"embeddable":true,"href":"http:\/\/desarrollo.grupomedios.com\/futbol\/wp-json\/wp\/v2\/media\/349697"}],"wp:attachment":[{"href":"http:\/\/desarrollo.grupomedios.com\/futbol\/wp-json\/wp\/v2\/media?parent=349690"}],"wp:term":[{"taxonomy":"category","embeddable":true,"href":"http:\/\/desarrollo.grupomedios.com\/futbol\/wp-json\/wp\/v2\/categories?post=349690"},{"taxonomy":"post_tag","embeddable":true,"href":"http:\/\/desarrollo.grupomedios.com\/futbol\/wp-json\/wp\/v2\/tags?post=349690"}],"curies":[{"name":"wp","href":"https:\/\/api.w.org\/{rel}","templated":true}]}}