{"id":349754,"date":"2016-01-18T17:36:46","date_gmt":"2016-01-18T23:36:46","guid":{"rendered":"http:\/\/futboltotal.com.mx\/?p=349754"},"modified":"2016-01-19T10:40:20","modified_gmt":"2016-01-19T16:40:20","slug":"el-enojo-entre-james-y-zidane","status":"publish","type":"post","link":"http:\/\/desarrollo.grupomedios.com\/futbol\/videos\/el-enojo-entre-james-y-zidane\/2016\/01","title":{"rendered":"Zidane se enoja con James Rodr\u00edguez"},"content":{"rendered":"<p>&#8220;\u00bfD\u00f3nde est\u00e1 James?, \u00bfPor qu\u00e9 no calienta?&#8221;, expres\u00f3 <em>Zizou, <\/em>visiblemente molesto, durante el partido ante el Sporting de Gij\u00f3n. El entrenador del Real Madrid se enfad\u00f3 al no ver al centrocampista colombiano a un costado del \u00e1rea t\u00e9cnica y tener que mirar al banquillo para pedirle que calentara, por segunda ocasi\u00f3n, despu\u00e9s de que ya lo hab\u00eda hecho al final del primer tiempo tras la lesi\u00f3n de Gareth Bale. A James, suplente en el duelo de la J20 de la liga, no le fue nada bien en el Santiago Bernab\u00e9u, tal y como lo cuenta el video de <em>El d\u00eda despu\u00e9s<\/em>.<\/p>\n<p><iframe loading=\"lazy\" src=\"https:\/\/www.youtube.com\/embed\/TdWfbvy5x6k\" frameborder=\"0\" allowfullscreen=\"allowfullscreen\"><\/iframe><\/p>\n","protected":false},"excerpt":{"rendered":"<p>El mediocampista del Real Madrid vivi\u00f3 una mala tarde ante el Sporting de Gij\u00f3n<\/p>\n","protected":false},"author":20,"featured_media":349759,"comment_status":"closed","ping_status":"closed","sticky":false,"template":"","format":"standard","meta":[],"categories":[3839,3844,4],"tags":[6082,5988,2215],"_links":{"self":[{"href":"http:\/\/desarrollo.grupomedios.com\/futbol\/wp-json\/wp\/v2\/posts\/349754"}],"collection":[{"href":"http:\/\/desarrollo.grupomedios.com\/futbol\/wp-json\/wp\/v2\/posts"}],"about":[{"href":"http:\/\/desarrollo.grupomedios.com\/futbol\/wp-json\/wp\/v2\/types\/post"}],"author":[{"embeddable":true,"href":"http:\/\/desarrollo.grupomedios.com\/futbol\/wp-json\/wp\/v2\/users\/20"}],"replies":[{"embeddable":true,"href":"http:\/\/desarrollo.grupomedios.com\/futbol\/wp-json\/wp\/v2\/comments?post=349754"}],"version-history":[{"count":0,"href":"http:\/\/desarrollo.grupomedios.com\/futbol\/wp-json\/wp\/v2\/posts\/349754\/revisions"}],"wp:featuredmedia":[{"embeddable":true,"href":"http:\/\/desarrollo.grupomedios.com\/futbol\/wp-json\/wp\/v2\/media\/349759"}],"wp:attachment":[{"href":"http:\/\/desarrollo.grupomedios.com\/futbol\/wp-json\/wp\/v2\/media?parent=349754"}],"wp:term":[{"taxonomy":"category","embeddable":true,"href":"http:\/\/desarrollo.grupomedios.com\/futbol\/wp-json\/wp\/v2\/categories?post=349754"},{"taxonomy":"post_tag","embeddable":true,"href":"http:\/\/desarrollo.grupomedios.com\/futbol\/wp-json\/wp\/v2\/tags?post=349754"}],"curies":[{"name":"wp","href":"https:\/\/api.w.org\/{rel}","templated":true}]}}