{"id":349863,"date":"2016-01-19T10:57:00","date_gmt":"2016-01-19T16:57:00","guid":{"rendered":"http:\/\/futboltotal.com.mx\/?p=349863"},"modified":"2016-01-19T14:29:10","modified_gmt":"2016-01-19T20:29:10","slug":"goles-al-cubo-erick-torres-cumple-23-anos","status":"publish","type":"post","link":"http:\/\/desarrollo.grupomedios.com\/futbol\/destacado-home\/goles-al-cubo-erick-torres-cumple-23-anos\/2016\/01","title":{"rendered":"Goles al Cubo: la evoluci\u00f3n de \u00c9rick Torres"},"content":{"rendered":"<p>Al inicio de la d\u00e9cada, <strong>Chivas<\/strong> perdi\u00f3 a su delantero estelar por aquella \u00e9poca, Javier Chicharito Hern\u00e1ndez. Para el <em>Reba\u00f1o Sagrado<\/em> parec\u00eda que encontrar un referente de \u00e1rea ser\u00eda una cuesti\u00f3n complicada, pero de pronto, surgi\u00f3 un muchacho de la cantera con unas condiciones notables y una alegr\u00eda inmensa que, con solo 17\u00a0a\u00f1os ilusion\u00f3 a la afici\u00f3n rojiblanca, su nombre: <strong>Erick Torres<\/strong>, mejor conocido como el <em>Cubo<\/em>.<\/p>\n<p>&#8220;Me gusta jugar Play Station con mis hermanos, usar la computadora y a veces leer libros. Estoy mucho tiempo en casa y con la familia&#8221;, contaba por 2011 un joven Cubo Torres, cuya pasi\u00f3n por las Chivas le fue heredada por la familia. &#8220;Siempre fue mi sue\u00f1o ser jugador profesional, y para m\u00ed, vestir la playera de Chivas es lo m\u00e1s grande&#8221;, revel\u00f3.<\/p>\n<p>Su abuelo paterno, Jos\u00e9 Luis, fue presidente de la <em>Porra Popular, <\/em>grupo de animaci\u00f3n del <em>Reba\u00f1o<\/em>. Y Germ\u00e1n, su padre, jug\u00f3 como delantero en el Tapat\u00edo, equipo filial del Guadalajara. Con esos ejemplos, \u00c9rick integr\u00f3 las fuerzas b\u00e1sicas del Guadalajara a los ocho a\u00f1os.<\/p>\n<p><a href=\"http:\/\/futboltotal.com.mx\/wp-content\/uploads\/2016\/01\/Cubo-Torres-1.jpg\" rel=\"attachment wp-att-349932\"><img decoding=\"async\" loading=\"lazy\" class=\"alignnone size-full wp-image-349932\" src=\"http:\/\/futboltotal.com.mx\/wp-content\/uploads\/2016\/01\/Cubo-Torres-1.jpg\" alt=\"Cubo-Torres\" srcset=\"http:\/\/desarrollo.grupomedios.com\/futbol\/wp-content\/uploads\/2016\/01\/Cubo-Torres-1.jpg 820w, http:\/\/desarrollo.grupomedios.com\/futbol\/wp-content\/uploads\/2016\/01\/Cubo-Torres-1-300x128.jpg 300w, http:\/\/desarrollo.grupomedios.com\/futbol\/wp-content\/uploads\/2016\/01\/Cubo-Torres-1-768x328.jpg 768w\" sizes=\"(max-width: 820px) 100vw, 820px\" \/><\/a><\/p>\n<p>Su talento era may\u00fasculo, raz\u00f3n por la que siempre particip\u00f3 en categor\u00edas mayores a las de su edad, expres\u00f3 en el pasado con sonrisas. En un viaje a Estados Unidos, en parte por ser el m\u00e1s chico del grupo, \u00c9rick Torres fue bautizado con el apodo que lo llev\u00f3 de manera vertiginosa a la fama: <em>El Cubo<\/em>.<\/p>\n<p>&#8220;Fui a un torneo en Dallas. Yo era el m\u00e1s chiquito de todos y tra\u00eda el corte de pelo muy parejito, como soldadito. En el cami\u00f3n, los compa\u00f1eros comenzaron a decirme que ten\u00eda la cabeza cuadrada, que la ten\u00eda de cubo, y as\u00ed fue todo el viaje&#8230; Se me qued\u00f3. Cuando regresamos en las fuerzas b\u00e1sicas me dec\u00edan: &#8216;Ah\u00ed est\u00e1 el Cubo'&#8221;, record\u00f3 el atacante.<\/p>\n<p>Han pasado 5 a\u00f1os de esa pl\u00e1tica y <strong>Erick Torres<\/strong> ha pasado un sinf\u00edn de aventuras en el mundo del futbol. Apenas en su segundo duelo en el balompi\u00e9 profesional se estren\u00f3 con gol, ratificando su efectividad de cara al marco contrario. Durante mucho tiempo fue el mejor anotador de las Chivas aunque el mal momento de los rojiblancos influy\u00f3 en su nivel y fue prestado a Chivas USA para recuperar al <em>Cubo M\u00e1gico<\/em>, al chico alegre que deslumbr\u00f3 al balompi\u00e9 nacional.<\/p>\n<p style=\"text-align: center;\"><span style=\"color: #3366ff;\"><strong><a style=\"color: #3366ff;\" href=\"http:\/\/futboltotal.com.mx\/?s=Cubo+\">LEER M\u00c1S: Todas las noticias del Cubo Torres<\/a><\/strong><\/span><\/p>\n<p>&#8220;La llegada de \u00c9rick es muy importante para Chivas USA ya que nos va a fortalecer en una parte en la que el equipo ha tenido mayor necesidad\u2026 Es un jugador diferente y de mucho nivel. Es un delantero muy joven que debut\u00f3 a los 17 a\u00f1os y que se ha mantenido siempre como un jugador de mucho futuro. Tiene una mentalidad muy fuerte y positiva, tal como se necesita para ser el centro delantero de Chivas\u201d, expres\u00f3 Jos\u00e9 Luis Real, que en 2013 era el estratega del equipo de la MLS.<\/p>\n<p><em>Cubo<\/em> tuvo una buena primera campa\u00f1a en la plantilla estadounidense, marcando\u00a07\u00a0goles en 15\u00a0partidos, luego de llegar a mitad de la temporada. Para el segundo ciclo con el club su rendimiento fue superado y donde varias jornadas luch\u00f3 por el t\u00edtulo de goleo. Finaliz\u00f3 el\u00a02014 con 15 goles en 29 partidos y su momento fant\u00e1stico oblig\u00f3 a un regreso a la Liga MX, con sus Chivas.<\/p>\n<p>En un periodo en el que el equipo de sus amores luchaba por la salvaci\u00f3n,<strong> Torres<\/strong> no fue tan utilizado, pero s\u00ed que fue determinante. En un duelo directo en la lucha por la salvaci\u00f3n, las Chivas se encontraban perdiendo ante Puebla y Jos\u00e9 Manuel de la Torre decidi\u00f3 utilizar al <em>Cubo<\/em> en la b\u00fasqueda por darle la vuelta al marcado. Torres jug\u00f3 29 minutos y anot\u00f3 doblete, \u00fanicos goles de su temporada, situaci\u00f3n que ratific\u00f3 la idolatr\u00eda de los aficionados rojiblancos por el joven goleador.<\/p>\n<p><iframe loading=\"lazy\" src=\"https:\/\/www.youtube.com\/embed\/FQKgbeKlqX0\" frameborder=\"0\" allowfullscreen=\"allowfullscreen\"><\/iframe><\/p>\n<p>Al finalizar la campa\u00f1a,<strong> Torres<\/strong> regres\u00f3 a la MLS, su \u00e9xito con el Dynamo de Houston dist\u00f3 mucho de lo logrado con Chivas USA, pero tuvo su revancha y pese a sus pocos minutos en la liga estadounidense, se gan\u00f3 un lugar con la escuadra que consigui\u00f3 el boleto a R\u00edo 2016, dirigida por Ra\u00fal Potro Guti\u00e9rrez.<\/p>\n<p>\u201cEl secreto est\u00e1 en el trabajo, en la dedicaci\u00f3n. \u00c9l y muchos est\u00e1n aqu\u00ed por su trabajo, por los m\u00e9ritos que han hecho\u201d, concluy\u00f3 Ra\u00fal Guti\u00e9rrez sobre la labor de <strong>Torres<\/strong> en su esquema y ahora Torres, despu\u00e9s de ser dos veces campe\u00f3n de la competici\u00f3n Preol\u00edmipica, espera la oportunidad de brillar con el<em> Tri<\/em>, la meta es R\u00edo y el objetivo, repetir los goles al Cubo.<\/p>\n<p style=\"text-align: center;\"><strong><span style=\"color: #3366ff;\"><a style=\"color: #3366ff;\" href=\"http:\/\/futboltotal.com.mx\/2016\/01\/hector-herrera-quiere-disputar-juegos-olimpicos\/\">LEER M\u00c1S: H\u00e9ctor Herrera quiere ir a Juegos Ol\u00edmpicos <\/a><\/span><\/strong><\/p>\n","protected":false},"excerpt":{"rendered":"<p>El atacante busca consolidarse y emprender el viaje a R\u00edo 2016 <\/p>\n","protected":false},"author":20,"featured_media":349870,"comment_status":"closed","ping_status":"closed","sticky":false,"template":"","format":"standard","meta":[],"categories":[5,2198,3847],"tags":[70,4274,787,5664,5979],"_links":{"self":[{"href":"http:\/\/desarrollo.grupomedios.com\/futbol\/wp-json\/wp\/v2\/posts\/349863"}],"collection":[{"href":"http:\/\/desarrollo.grupomedios.com\/futbol\/wp-json\/wp\/v2\/posts"}],"about":[{"href":"http:\/\/desarrollo.grupomedios.com\/futbol\/wp-json\/wp\/v2\/types\/post"}],"author":[{"embeddable":true,"href":"http:\/\/desarrollo.grupomedios.com\/futbol\/wp-json\/wp\/v2\/users\/20"}],"replies":[{"embeddable":true,"href":"http:\/\/desarrollo.grupomedios.com\/futbol\/wp-json\/wp\/v2\/comments?post=349863"}],"version-history":[{"count":0,"href":"http:\/\/desarrollo.grupomedios.com\/futbol\/wp-json\/wp\/v2\/posts\/349863\/revisions"}],"wp:featuredmedia":[{"embeddable":true,"href":"http:\/\/desarrollo.grupomedios.com\/futbol\/wp-json\/wp\/v2\/media\/349870"}],"wp:attachment":[{"href":"http:\/\/desarrollo.grupomedios.com\/futbol\/wp-json\/wp\/v2\/media?parent=349863"}],"wp:term":[{"taxonomy":"category","embeddable":true,"href":"http:\/\/desarrollo.grupomedios.com\/futbol\/wp-json\/wp\/v2\/categories?post=349863"},{"taxonomy":"post_tag","embeddable":true,"href":"http:\/\/desarrollo.grupomedios.com\/futbol\/wp-json\/wp\/v2\/tags?post=349863"}],"curies":[{"name":"wp","href":"https:\/\/api.w.org\/{rel}","templated":true}]}}